{"id":230877,"date":"2026-09-01T14:14:00","date_gmt":"2026-09-01T20:14:00","guid":{"rendered":"https:\/\/nvnoticias.mx\/?p=230877"},"modified":"2026-09-01T20:15:25","modified_gmt":"2026-09-02T02:15:25","slug":"estudiantes-toman-facultad-de-medicina-uv-en-ciudad-mendoza","status":"publish","type":"post","link":"https:\/\/nvnoticias.mx\/index.php\/2026\/09\/01\/estudiantes-toman-facultad-de-medicina-uv-en-ciudad-mendoza\/","title":{"rendered":"Estudiantes toman Facultad de Medicina UV en Ciudad Mendoza"},"content":{"rendered":"\n<p class=\"wp-block-paragraph\"><\/p>\n\n\n\n<p class=\"wp-block-paragraph\">Desde las primeras horas de la madrugada de este martes 1 de septiembre, estudiantes de la carrera de Medicina de la Universidad Veracruzana (UV) tomaron las instalaciones del plantel ubicado sobre la avenida Hidalgo, en la colonia Centro, de Ciudad Mendoza, para exigir una respuesta inmediata a diversas demandas que no han sido atendidas por las autoridades universitarias.<\/p>\n\n\n\n<p class=\"wp-block-paragraph\">Los j\u00f3venes se\u00f1alaron que la protesta comenz\u00f3 alrededor de las cuatro de la ma\u00f1ana y mantendr\u00e1n tomadas las instalaciones por tiempo indefinido, hasta obtener una respuesta satisfactoria. Su principal exigencia es establecer un di\u00e1logo directamente con el rector de la UV.<\/p>\n\n\n\n<p class=\"wp-block-paragraph\">Entre las peticiones se encuentran mejoras en infraestructura, atenci\u00f3n a diversas necesidades b\u00e1sicas del plantel, asignaci\u00f3n adecuada de materias y docentes, as\u00ed como la soluci\u00f3n de situaciones que, de acuerdo con los estudiantes, han sido planteadas desde hace varios meses sin recibir una respuesta definitiva.<\/p>\n\n\n\n<p class=\"wp-block-paragraph\">En materia de infraestructura, denunciaron la falta de insumos b\u00e1sicos como papel higi\u00e9nico y papel para manos, adem\u00e1s de se\u00f1alar que algunas instalaciones consideradas nuevas carecen incluso de agua para que los estudiantes puedan lavarse las manos.<\/p>\n\n\n\n<p class=\"wp-block-paragraph\">Los inconformes tambi\u00e9n cuestionaron las aportaciones econ\u00f3micas que realizan los alumnos. Explicaron que los estudiantes de nuevo ingreso han llegado a pagar hasta seis mil pesos y que posteriormente contin\u00faan realizando pagos de entre cuatro mil y seis mil pesos, sin que, aseguran, estos recursos se vean reflejados en servicios e infraestructura b\u00e1sica.<\/p>\n\n\n\n<p class=\"wp-block-paragraph\">\u201cPara los 150 alumnos que entran por 6 mil pesos, claro que papel es lo m\u00ednimo que esperar\u00edamos\u201d, expres\u00f3 uno de los estudiantes durante la protesta.<\/p>\n\n\n\n<p class=\"wp-block-paragraph\">Otro de los puntos se\u00f1alados corresponde a la asignaci\u00f3n de docentes y materias. Los universitarios denunciaron que existen profesores a quienes se les asignan hasta nueve materias, situaci\u00f3n que, consideran, dificulta brindar una atenci\u00f3n adecuada a cada grupo.<\/p>\n\n\n\n<p class=\"wp-block-paragraph\">Asimismo, se\u00f1alaron que algunos docentes no son asignados de acuerdo con su perfil profesional y que existen materias en las que, desde su perspectiva, la preparaci\u00f3n impartida no es suficiente para las exigencias de una carrera en la que los conocimientos adquiridos ser\u00e1n fundamentales para atender y salvar vidas.<\/p>\n\n\n\n<p class=\"wp-block-paragraph\">Los estudiantes estimaron que la movilizaci\u00f3n afecta aproximadamente a 700 alumnos de distintas generaciones, desde la S22 e incluso algunos integrantes de la S21, adem\u00e1s de se\u00f1alar que las inconformidades tambi\u00e9n alcanzan a estudiantes de la extensi\u00f3n de Medicina ubicada en C\u00f3rdoba.<\/p>\n\n\n\n<p class=\"wp-block-paragraph\">Hasta el momento los universitarios no han recibido comunicaci\u00f3n directa del rector, por lo que permanecer\u00e1n a la espera de que se establezca una fecha para el encuentro solicitado.<\/p>\n\n\n\n<p class=\"wp-block-paragraph\">Los j\u00f3venes afirmaron que mantendr\u00e1n la protesta de manera pac\u00edfica y advirtieron que est\u00e1n dispuestos a prolongar el paro durante los pr\u00f3ximos d\u00edas o semanas si es necesario, pues aseguran que varias de sus demandas llevan m\u00e1s de un semestre sin ser resueltas.<\/p>\n","protected":false},"excerpt":{"rendered":"<p>Desde las primeras horas de la madrugada de este martes 1 de septiembre, estudiantes de la carrera de Medicina de la Universidad Veracruzana (UV) tomaron las instalaciones del plantel ubicado sobre la avenida Hidalgo, en la colonia Centro, de Ciudad Mendoza, para exigir una respuesta inmediata a diversas demandas que no han sido atendidas por [&hellip;]<\/p>\n","protected":false},"author":8,"featured_media":230879,"comment_status":"open","ping_status":"open","sticky":false,"template":"","format":"standard","meta":{"_monsterinsights_skip_tracking":false,"footnotes":""},"categories":[156],"tags":[288,32469,1164],"class_list":["post-230877","post","type-post","status-publish","format-standard","has-post-thumbnail","hentry","category-estado","tag-ciudad-mendoza","tag-facultad-de-medicina","tag-uv","wp-image-borders"],"amp_enabled":true,"_links":{"self":[{"href":"https:\/\/nvnoticias.mx\/index.php\/wp-json\/wp\/v2\/posts\/230877","targetHints":{"allow":["GET"]}}],"collection":[{"href":"https:\/\/nvnoticias.mx\/index.php\/wp-json\/wp\/v2\/posts"}],"about":[{"href":"https:\/\/nvnoticias.mx\/index.php\/wp-json\/wp\/v2\/types\/post"}],"author":[{"embeddable":true,"href":"https:\/\/nvnoticias.mx\/index.php\/wp-json\/wp\/v2\/users\/8"}],"replies":[{"embeddable":true,"href":"https:\/\/nvnoticias.mx\/index.php\/wp-json\/wp\/v2\/comments?post=230877"}],"version-history":[{"count":1,"href":"https:\/\/nvnoticias.mx\/index.php\/wp-json\/wp\/v2\/posts\/230877\/revisions"}],"predecessor-version":[{"id":230878,"href":"https:\/\/nvnoticias.mx\/index.php\/wp-json\/wp\/v2\/posts\/230877\/revisions\/230878"}],"wp:featuredmedia":[{"embeddable":true,"href":"https:\/\/nvnoticias.mx\/index.php\/wp-json\/wp\/v2\/media\/230879"}],"wp:attachment":[{"href":"https:\/\/nvnoticias.mx\/index.php\/wp-json\/wp\/v2\/media?parent=230877"}],"wp:term":[{"taxonomy":"category","embeddable":true,"href":"https:\/\/nvnoticias.mx\/index.php\/wp-json\/wp\/v2\/categories?post=230877"},{"taxonomy":"post_tag","embeddable":true,"href":"https:\/\/nvnoticias.mx\/index.php\/wp-json\/wp\/v2\/tags?post=230877"}],"curies":[{"name":"wp","href":"https:\/\/api.w.org\/{rel}","templated":true}]}}