{"id":230871,"date":"2026-09-01T17:58:00","date_gmt":"2026-09-01T23:58:00","guid":{"rendered":"https:\/\/nvnoticias.mx\/?p=230871"},"modified":"2026-09-01T20:00:45","modified_gmt":"2026-09-02T02:00:45","slug":"jovenes-de-17-anos-ya-pueden-tramitar-su-credencial-para-votar-en-2027","status":"publish","type":"post","link":"https:\/\/nvnoticias.mx\/index.php\/2026\/09\/01\/jovenes-de-17-anos-ya-pueden-tramitar-su-credencial-para-votar-en-2027\/","title":{"rendered":"J\u00f3venes de 17 a\u00f1os ya pueden tramitar su credencial para votar en 2027"},"content":{"rendered":"\n<p class=\"wp-block-paragraph\"><\/p>\n\n\n\n<p class=\"wp-block-paragraph\"><strong>\u00c1ngel Hern\u00e1ndez \/ NV Noticias<\/strong><\/p>\n\n\n\n<p class=\"wp-block-paragraph\">J\u00f3venes de 17 a\u00f1os que cumplan la mayor\u00eda de edad a m\u00e1s tardar el 6 de junio del 2027, pueden tramitar su credencial para votar a partir de este martes 1 de septiembre, anunci\u00f3 Jaime M\u00e9ndez, vocal del Registro Federal de Electores.<\/p>\n\n\n\n<p class=\"wp-block-paragraph\">Se\u00f1al\u00f3 que el plazo para tramitar de manera anticipada la credencial estar\u00e1 abierto hasta el 25 de enero del 2027 debido al proceso electoral del 6 de junio.<\/p>\n\n\n\n<p class=\"wp-block-paragraph\">Explic\u00f3 que, quienes cumplan los 18 a\u00f1os despu\u00e9s del 6 de junio tendr\u00e1n que esperar hasta alcanzar la mayor\u00eda de edad para iniciar el tr\u00e1mite correspondiente.<\/p>\n\n\n\n<p class=\"wp-block-paragraph\">Detall\u00f3 que este tr\u00e1mite anticipado es parte de la Campa\u00f1a Anual Intensa del Instituto Nacional Electoral (INE), misma que inici\u00f3 este 1 de septiembre con la finalidad de actualizar el padr\u00f3n electoral y garantizar que la ciudadan\u00eda cuente con su credencial vigente para poder participar en las elecciones del 6 de junio de 2027.<\/p>\n\n\n\n<p class=\"wp-block-paragraph\">&#8220;Ahora los j\u00f3venes pueden tramitar su credencial a\u00fan sin cumplir los 18 a\u00f1os, pero es importante que los j\u00f3venes que tienen 17 a\u00f1os lo hagan hoy (el tr\u00e1mite) y hasta antes del 25 de enero&#8221;, expres\u00f3.<\/p>\n\n\n\n<p class=\"wp-block-paragraph\">En ese mismo tenor, invit\u00f3 a los j\u00f3venes a acudir durante los pr\u00f3ximos meses para evitar la saturaci\u00f3n que normalmente se presenta en diciembre y enero.<\/p>\n\n\n\n<p class=\"wp-block-paragraph\">Quienes acudan a tramitar de manera anticipada su credencial, deber\u00e1n presentar: acta de nacimiento; comprobante de domicilio; identificaci\u00f3n con fotograf\u00eda; y copia certificada de la CURP. Todos los documentos son en original, ya que son devueltos una vez son digitalizados.<\/p>\n\n\n\n<p class=\"wp-block-paragraph\">El vocal de Registro Federal de Electores se\u00f1al\u00f3 que el tr\u00e1mite se puede programar a trav\u00e9s de citas en la p\u00e1gina del INE. Los m\u00f3dulos operan de 8:00 de la ma\u00f1ana a 3:00 de la tarde, de lunes a s\u00e1bado; mientras que el ubicado en la zona norte atiende de 8:00 de la ma\u00f1ana a 8:00 de la noche, de lunes a viernes.<\/p>\n\n\n\n<p class=\"wp-block-paragraph\">&#8220;Que no se esperen hasta el 25 de enero porque, por experiencias anteriores, aqu\u00ed es una cola grand\u00edsima para hacer ese tr\u00e1mite\u201d, apunt\u00f3.<\/p>\n","protected":false},"excerpt":{"rendered":"<p>\u00c1ngel Hern\u00e1ndez \/ NV Noticias J\u00f3venes de 17 a\u00f1os que cumplan la mayor\u00eda de edad a m\u00e1s tardar el 6 de junio del 2027, pueden tramitar su credencial para votar a partir de este martes 1 de septiembre, anunci\u00f3 Jaime M\u00e9ndez, vocal del Registro Federal de Electores. Se\u00f1al\u00f3 que el plazo para tramitar de manera [&hellip;]<\/p>\n","protected":false},"author":8,"featured_media":230872,"comment_status":"open","ping_status":"open","sticky":false,"template":"","format":"standard","meta":{"_monsterinsights_skip_tracking":false,"footnotes":""},"categories":[154],"tags":[4408,1178,1626],"class_list":["post-230871","post","type-post","status-publish","format-standard","has-post-thumbnail","hentry","category-veracruz","tag-17-anos","tag-credencial-de-elector","tag-jovenes","wp-image-borders"],"amp_enabled":true,"_links":{"self":[{"href":"https:\/\/nvnoticias.mx\/index.php\/wp-json\/wp\/v2\/posts\/230871","targetHints":{"allow":["GET"]}}],"collection":[{"href":"https:\/\/nvnoticias.mx\/index.php\/wp-json\/wp\/v2\/posts"}],"about":[{"href":"https:\/\/nvnoticias.mx\/index.php\/wp-json\/wp\/v2\/types\/post"}],"author":[{"embeddable":true,"href":"https:\/\/nvnoticias.mx\/index.php\/wp-json\/wp\/v2\/users\/8"}],"replies":[{"embeddable":true,"href":"https:\/\/nvnoticias.mx\/index.php\/wp-json\/wp\/v2\/comments?post=230871"}],"version-history":[{"count":1,"href":"https:\/\/nvnoticias.mx\/index.php\/wp-json\/wp\/v2\/posts\/230871\/revisions"}],"predecessor-version":[{"id":230873,"href":"https:\/\/nvnoticias.mx\/index.php\/wp-json\/wp\/v2\/posts\/230871\/revisions\/230873"}],"wp:featuredmedia":[{"embeddable":true,"href":"https:\/\/nvnoticias.mx\/index.php\/wp-json\/wp\/v2\/media\/230872"}],"wp:attachment":[{"href":"https:\/\/nvnoticias.mx\/index.php\/wp-json\/wp\/v2\/media?parent=230871"}],"wp:term":[{"taxonomy":"category","embeddable":true,"href":"https:\/\/nvnoticias.mx\/index.php\/wp-json\/wp\/v2\/categories?post=230871"},{"taxonomy":"post_tag","embeddable":true,"href":"https:\/\/nvnoticias.mx\/index.php\/wp-json\/wp\/v2\/tags?post=230871"}],"curies":[{"name":"wp","href":"https:\/\/api.w.org\/{rel}","templated":true}]}}