{"id":230868,"date":"2026-09-01T19:57:07","date_gmt":"2026-09-02T01:57:07","guid":{"rendered":"https:\/\/nvnoticias.mx\/?p=230868"},"modified":"2026-09-01T19:57:14","modified_gmt":"2026-09-02T01:57:14","slug":"mas-de-17-mil-credenciales-para-votar-perderan-vigencia-este-2026-ine","status":"publish","type":"post","link":"https:\/\/nvnoticias.mx\/index.php\/2026\/09\/01\/mas-de-17-mil-credenciales-para-votar-perderan-vigencia-este-2026-ine\/","title":{"rendered":"M\u00e1s de 17 mil credenciales para votar perder\u00e1n vigencia este 2026: INE"},"content":{"rendered":"\n<p class=\"wp-block-paragraph\"><\/p>\n\n\n\n<p class=\"wp-block-paragraph\"><strong>\u00c1ngel Hern\u00e1ndez \/ NV Noticias<\/strong><\/p>\n\n\n\n<p class=\"wp-block-paragraph\">En este 2026, alrededor de 17 mil 122 credenciales para votar perder\u00e1n vigencia en Veracruz, dio a conocer Jaime M\u00e9ndez, vocal del Registro Federal de Electores.<\/p>\n\n\n\n<p class=\"wp-block-paragraph\">Se\u00f1al\u00f3 que, del total, 2 mil 700 corresponden a personas de entre 25 y 28 a\u00f1os, siendo el rango m\u00e1s grande de rezago en cuanto a renovaci\u00f3n.<\/p>\n\n\n\n<p class=\"wp-block-paragraph\">&#8220;Los j\u00f3venes que sacaron su credencial por primera vez, es el rango m\u00e1s fuerte o m\u00e1s grande que tenemos en rezago de est\u00e1s credenciales&#8221;, expres\u00f3.<\/p>\n\n\n\n<p class=\"wp-block-paragraph\">Asimismo, indic\u00f3 que permanecen sin recoger 107 credenciales que fueron tramitadas hace dos a\u00f1os, es decir, en 2024. Dichos pl\u00e1sticos ser\u00e1n destruidos el pr\u00f3ximo 28 de febrero si el titular no acude.<\/p>\n\n\n\n<p class=\"wp-block-paragraph\">&#8220;Van a ser destruidas el 28 de febrero, que son de las personas que tenemos dos a\u00f1os que hicieron su tr\u00e1mite. Invitar\u00eda a esas 107 personas que vinieran por su credencial&#8221;, coment\u00f3.<\/p>\n\n\n\n<p class=\"wp-block-paragraph\">En cuanto a la dispersi\u00f3n de las credenciales que faltaban debido a un cambio de proveedor, el funcionario se\u00f1al\u00f3 que ya se encuentran en un 98 por ciento la entrega de dichos pl\u00e1stico.<\/p>\n\n\n\n<p class=\"wp-block-paragraph\">Mencion\u00f3 que de acuerdo al \u00faltimo corte realizado el 31 de julio, se ten\u00eda un padr\u00f3n electoral de 312 mil aproximadamente y una lista nominal de 307 mil. Esta diferencia se debi\u00f3 al rezago en la entrega de las credenciales.<\/p>\n\n\n\n<p class=\"wp-block-paragraph\">&#8220;Estamos muy cercanos a un 99 por ciento, yo creo que esto se va a ir regularizando porque las credenciales en nueve d\u00edas o antes estar\u00e1n llegando&#8221;, expres\u00f3.<\/p>\n","protected":false},"excerpt":{"rendered":"<p>\u00c1ngel Hern\u00e1ndez \/ NV Noticias En este 2026, alrededor de 17 mil 122 credenciales para votar perder\u00e1n vigencia en Veracruz, dio a conocer Jaime M\u00e9ndez, vocal del Registro Federal de Electores. Se\u00f1al\u00f3 que, del total, 2 mil 700 corresponden a personas de entre 25 y 28 a\u00f1os, siendo el rango m\u00e1s grande de rezago en [&hellip;]<\/p>\n","protected":false},"author":8,"featured_media":230869,"comment_status":"open","ping_status":"open","sticky":false,"template":"","format":"standard","meta":{"_monsterinsights_skip_tracking":false,"footnotes":""},"categories":[154],"tags":[5992,162,7975],"class_list":["post-230868","post","type-post","status-publish","format-standard","has-post-thumbnail","hentry","category-veracruz","tag-credenciales","tag-portada","tag-vigencia","wp-image-borders"],"amp_enabled":true,"_links":{"self":[{"href":"https:\/\/nvnoticias.mx\/index.php\/wp-json\/wp\/v2\/posts\/230868","targetHints":{"allow":["GET"]}}],"collection":[{"href":"https:\/\/nvnoticias.mx\/index.php\/wp-json\/wp\/v2\/posts"}],"about":[{"href":"https:\/\/nvnoticias.mx\/index.php\/wp-json\/wp\/v2\/types\/post"}],"author":[{"embeddable":true,"href":"https:\/\/nvnoticias.mx\/index.php\/wp-json\/wp\/v2\/users\/8"}],"replies":[{"embeddable":true,"href":"https:\/\/nvnoticias.mx\/index.php\/wp-json\/wp\/v2\/comments?post=230868"}],"version-history":[{"count":1,"href":"https:\/\/nvnoticias.mx\/index.php\/wp-json\/wp\/v2\/posts\/230868\/revisions"}],"predecessor-version":[{"id":230870,"href":"https:\/\/nvnoticias.mx\/index.php\/wp-json\/wp\/v2\/posts\/230868\/revisions\/230870"}],"wp:featuredmedia":[{"embeddable":true,"href":"https:\/\/nvnoticias.mx\/index.php\/wp-json\/wp\/v2\/media\/230869"}],"wp:attachment":[{"href":"https:\/\/nvnoticias.mx\/index.php\/wp-json\/wp\/v2\/media?parent=230868"}],"wp:term":[{"taxonomy":"category","embeddable":true,"href":"https:\/\/nvnoticias.mx\/index.php\/wp-json\/wp\/v2\/categories?post=230868"},{"taxonomy":"post_tag","embeddable":true,"href":"https:\/\/nvnoticias.mx\/index.php\/wp-json\/wp\/v2\/tags?post=230868"}],"curies":[{"name":"wp","href":"https:\/\/api.w.org\/{rel}","templated":true}]}}