{"id":230865,"date":"2026-09-01T13:27:13","date_gmt":"2026-09-01T19:27:13","guid":{"rendered":"https:\/\/nvnoticias.mx\/?p=230865"},"modified":"2026-09-01T13:27:20","modified_gmt":"2026-09-01T19:27:20","slug":"elevados-costos-logisticos-de-mexico-restan-competitividad","status":"publish","type":"post","link":"https:\/\/nvnoticias.mx\/index.php\/2026\/09\/01\/elevados-costos-logisticos-de-mexico-restan-competitividad\/","title":{"rendered":"Elevados costos log\u00edsticos de M\u00e9xico, restan competitividad"},"content":{"rendered":"\n<p class=\"wp-block-paragraph\"><br><strong>Jes\u00fas Utrilla \/ NV Noticias <\/strong><\/p>\n\n\n\n<p class=\"wp-block-paragraph\">Los costos log\u00edsticos en el pa\u00eds son por dem\u00e1s elevados, representan entre 12 y 15 por ciento del Producto Interno Bruto (PIB), mientras que en otras naciones rondan el 8 por ciento, advirti\u00f3 Ignacio Aguado Hern\u00e1ndez, director de Innovaci\u00f3n, Servicios y Comercio Interior de la Secretar\u00eda de Econom\u00eda del Gobierno de M\u00e9xico.<\/p>\n\n\n\n<p class=\"wp-block-paragraph\"><br>Se\u00f1al\u00f3 que esta diferencia representa un reto para la competitividad nacional, por lo que M\u00e9xico debe acelerar la incorporaci\u00f3n de tecnolog\u00eda, innovaci\u00f3n y capacitaci\u00f3n especializada dentro del sector log\u00edstico.<\/p>\n\n\n\n<p class=\"wp-block-paragraph\"><br>Explic\u00f3 que actualmente solo 30 por ciento de las empresas del sector log\u00edstico implementaron tecnolog\u00eda e innovaci\u00f3n, lo que evidencia una importante brecha que, al mismo tiempo, representa un \u00e1rea de oportunidad para mejorar la productividad.<\/p>\n\n\n\n<p class=\"wp-block-paragraph\"><br>Aguado Hern\u00e1ndez destac\u00f3 que la capacitaci\u00f3n y certificaci\u00f3n del personal pueden generar resultados importantes en las operaciones, al permitir reducir hasta 35 por ciento los errores y mejorar en aproximadamente 28 por ciento los tiempos de respuesta, de acuerdo con los datos presentados durante la reuni\u00f3n.<\/p>\n\n\n\n<p class=\"wp-block-paragraph\"><br>El funcionario se\u00f1al\u00f3 adem\u00e1s que existe un d\u00e9ficit de alrededor de 30 por ciento de talento especializado en los diferentes eslabones de las cadenas log\u00edsticas y de suministro, situaci\u00f3n que podr\u00eda convertirse en uno de los principales obst\u00e1culos para aprovechar el crecimiento de esta actividad.<\/p>\n\n\n\n<p class=\"wp-block-paragraph\"><br>Advirti\u00f3 que el mercado laboral tambi\u00e9n se encuentra ante una transformaci\u00f3n acelerada. Para 2030, alrededor del 40 por ciento de las competencias laborales actuales podr\u00edan quedar obsoletas, por lo que las empresas deber\u00e1n actualizar de manera constante los conocimientos de sus trabajadores.<\/p>\n\n\n\n<p class=\"wp-block-paragraph\"><br>El director de Innovaci\u00f3n, Servicios y Comercio Interior destac\u00f3 que el reto no consiste \u00fanicamente en incorporar nuevas herramientas tecnol\u00f3gicas, sino en desarrollar talento capaz de utilizarlas y adaptarse a los cambios que experimentar\u00e1 el sector.<\/p>\n\n\n\n<p class=\"wp-block-paragraph\"><br>En materia de comercio exterior, dijo que M\u00e9xico mantiene una posici\u00f3n estrat\u00e9gica a nivel internacional, al ubicarse como el d\u00e9cimo exportador mundial y el duod\u00e9cimo importador, adem\u00e1s de registrar un crecimiento de 34 por ciento en sus exportaciones respecto al periodo anterior.<\/p>\n\n\n\n<p class=\"wp-block-paragraph\"><br>Tambi\u00e9n destac\u00f3 la importancia de la relaci\u00f3n comercial con Canad\u00e1, pa\u00eds al que calific\u00f3 como un aliado estrat\u00e9gico para M\u00e9xico dentro del T-MEC.<\/p>\n\n\n\n<p class=\"wp-block-paragraph\"><br>Aguado Hern\u00e1ndez dijo que el pa\u00eds enfrenta actualmente un escenario internacional marcado por transformaciones econ\u00f3micas, comerciales y geopol\u00edticas, por lo que consider\u00f3 necesario fortalecer las capacidades internas y aprovechar las ventajas que ofrece la integraci\u00f3n de Am\u00e9rica del Norte.<\/p>\n\n\n\n<p class=\"wp-block-paragraph\"><br>El funcionario se\u00f1al\u00f3 que, por instrucciones del secretario de Econom\u00eda, Marcelo Ebrard, se est\u00e1n enfocando esfuerzos en fortalecer el talento, la innovaci\u00f3n y la competitividad del sector log\u00edstico, debido a que la evoluci\u00f3n de las cadenas de suministro exigir\u00e1 una actualizaci\u00f3n permanente de las capacidades laborales.<\/p>\n\n\n\n<p class=\"wp-block-paragraph\"><br>Reiter\u00f3 que invertir en capacitaci\u00f3n y certificaci\u00f3n no debe verse como un gasto, sino como una estrategia para reducir errores, mejorar tiempos de respuesta y elevar la productividad de las empresas mexicanas.<br><\/p>\n","protected":false},"excerpt":{"rendered":"<p>Jes\u00fas Utrilla \/ NV Noticias Los costos log\u00edsticos en el pa\u00eds son por dem\u00e1s elevados, representan entre 12 y 15 por ciento del Producto Interno Bruto (PIB), mientras que en otras naciones rondan el 8 por ciento, advirti\u00f3 Ignacio Aguado Hern\u00e1ndez, director de Innovaci\u00f3n, Servicios y Comercio Interior de la Secretar\u00eda de Econom\u00eda del Gobierno [&hellip;]<\/p>\n","protected":false},"author":8,"featured_media":138703,"comment_status":"open","ping_status":"open","sticky":false,"template":"","format":"standard","meta":{"_monsterinsights_skip_tracking":false,"footnotes":""},"categories":[154],"tags":[3498,5706,6659],"class_list":["post-230865","post","type-post","status-publish","format-standard","has-post-thumbnail","hentry","category-veracruz","tag-competitividad","tag-costos","tag-logistica","wp-image-borders"],"amp_enabled":true,"_links":{"self":[{"href":"https:\/\/nvnoticias.mx\/index.php\/wp-json\/wp\/v2\/posts\/230865","targetHints":{"allow":["GET"]}}],"collection":[{"href":"https:\/\/nvnoticias.mx\/index.php\/wp-json\/wp\/v2\/posts"}],"about":[{"href":"https:\/\/nvnoticias.mx\/index.php\/wp-json\/wp\/v2\/types\/post"}],"author":[{"embeddable":true,"href":"https:\/\/nvnoticias.mx\/index.php\/wp-json\/wp\/v2\/users\/8"}],"replies":[{"embeddable":true,"href":"https:\/\/nvnoticias.mx\/index.php\/wp-json\/wp\/v2\/comments?post=230865"}],"version-history":[{"count":1,"href":"https:\/\/nvnoticias.mx\/index.php\/wp-json\/wp\/v2\/posts\/230865\/revisions"}],"predecessor-version":[{"id":230866,"href":"https:\/\/nvnoticias.mx\/index.php\/wp-json\/wp\/v2\/posts\/230865\/revisions\/230866"}],"wp:featuredmedia":[{"embeddable":true,"href":"https:\/\/nvnoticias.mx\/index.php\/wp-json\/wp\/v2\/media\/138703"}],"wp:attachment":[{"href":"https:\/\/nvnoticias.mx\/index.php\/wp-json\/wp\/v2\/media?parent=230865"}],"wp:term":[{"taxonomy":"category","embeddable":true,"href":"https:\/\/nvnoticias.mx\/index.php\/wp-json\/wp\/v2\/categories?post=230865"},{"taxonomy":"post_tag","embeddable":true,"href":"https:\/\/nvnoticias.mx\/index.php\/wp-json\/wp\/v2\/tags?post=230865"}],"curies":[{"name":"wp","href":"https:\/\/api.w.org\/{rel}","templated":true}]}}