{"id":230862,"date":"2026-09-02T13:50:19","date_gmt":"2026-09-02T19:50:19","guid":{"rendered":"https:\/\/nvnoticias.mx\/?p=230862"},"modified":"2026-09-02T13:50:24","modified_gmt":"2026-09-02T19:50:24","slug":"jonathan-bailey-deja-el-programa-sunday-in-the-park-with-george-un-mes-despues-de-que-ariana-grande-hiciera-lo-mismo","status":"publish","type":"post","link":"https:\/\/nvnoticias.mx\/index.php\/2026\/09\/02\/jonathan-bailey-deja-el-programa-sunday-in-the-park-with-george-un-mes-despues-de-que-ariana-grande-hiciera-lo-mismo\/","title":{"rendered":"Jonathan Bailey deja el programa Sunday in the Park with George, un mes despu\u00e9s de que Ariana Grande hiciera lo mismo"},"content":{"rendered":"\n<p class=\"wp-block-paragraph\">Jonathan Bailey se ha retirado del programa Sunday in the Park with George, un mes despu\u00e9s de que Ariana Grande hiciera lo propio.<\/p>\n\n\n\n<p class=\"wp-block-paragraph\">El actor ya no protagonizar\u00e1 la producci\u00f3n, cuyo estreno est\u00e1 previsto para el pr\u00f3ximo verano en el Barbican Centre de Londres, en apoyo a su &#8220;querid\u00edsima amiga&#8221;, que ha decidido &#8220;alejarse de la vida p\u00fablica&#8221; tras la conclusi\u00f3n de su gira Eternal Sunshine Tour en la capital brit\u00e1nica.<\/p>\n\n\n\n<p class=\"wp-block-paragraph\">Horas antes de que Ariana, de 33 a\u00f1os, subiera al escenario del O2 Arena de Londres para su \u00faltimo concierto antes de su descanso, Jonathan, de 38 a\u00f1os, public\u00f3 en sus historias de Instagram: <\/p>\n\n\n\n<blockquote class=\"wp-block-quote is-layout-flow wp-block-quote-is-layout-flow\">\n<p class=\"wp-block-paragraph\">&#8220;Ari es una de mis amigas m\u00e1s queridas, y mi apoyo hacia ella es inquebrantable. Marianne, la directora de Sunday in the Park With George, es extraordinaria y una de mis colaboradoras y amigas de m\u00e1s larga trayectoria. Tras mucha reflexi\u00f3n, he decidido retirarme del programa. Este brillante e introspectivo musical ha sido un verdadero proyecto apasionante para m\u00ed, y me siento incre\u00edblemente afortunado de haber compartido su creaci\u00f3n con este equipo. Entre otras muchas cosas, la historia explora la profunda conexi\u00f3n entre George y Dot, una hermosa y devota pareja, y tengo muchas ganas de ver lo que los dos actores que ahora interpretar\u00e1n estos papeles crear\u00e1n con ella. Les deseo lo mejor a toda la compa\u00f1\u00eda. Los estar\u00e9 apoyando mientras contin\u00faan con esta producci\u00f3n&#8221;.<\/p>\n<\/blockquote>\n","protected":false},"excerpt":{"rendered":"<p>Jonathan Bailey se ha retirado del programa Sunday in the Park with George, un mes despu\u00e9s de que Ariana Grande hiciera lo propio. El actor ya no protagonizar\u00e1 la producci\u00f3n, cuyo estreno est\u00e1 previsto para el pr\u00f3ximo verano en el Barbican Centre de Londres, en apoyo a su &#8220;querid\u00edsima amiga&#8221;, que ha decidido &#8220;alejarse de [&hellip;]<\/p>\n","protected":false},"author":35,"featured_media":230949,"comment_status":"open","ping_status":"open","sticky":false,"template":"","format":"standard","meta":{"_monsterinsights_skip_tracking":false,"footnotes":""},"categories":[576],"tags":[33890,11938],"class_list":["post-230862","post","type-post","status-publish","format-standard","has-post-thumbnail","hentry","category-ocio","tag-arian-grande","tag-jonathan-bailey","wp-image-borders"],"amp_enabled":true,"_links":{"self":[{"href":"https:\/\/nvnoticias.mx\/index.php\/wp-json\/wp\/v2\/posts\/230862","targetHints":{"allow":["GET"]}}],"collection":[{"href":"https:\/\/nvnoticias.mx\/index.php\/wp-json\/wp\/v2\/posts"}],"about":[{"href":"https:\/\/nvnoticias.mx\/index.php\/wp-json\/wp\/v2\/types\/post"}],"author":[{"embeddable":true,"href":"https:\/\/nvnoticias.mx\/index.php\/wp-json\/wp\/v2\/users\/35"}],"replies":[{"embeddable":true,"href":"https:\/\/nvnoticias.mx\/index.php\/wp-json\/wp\/v2\/comments?post=230862"}],"version-history":[{"count":6,"href":"https:\/\/nvnoticias.mx\/index.php\/wp-json\/wp\/v2\/posts\/230862\/revisions"}],"predecessor-version":[{"id":230952,"href":"https:\/\/nvnoticias.mx\/index.php\/wp-json\/wp\/v2\/posts\/230862\/revisions\/230952"}],"wp:featuredmedia":[{"embeddable":true,"href":"https:\/\/nvnoticias.mx\/index.php\/wp-json\/wp\/v2\/media\/230949"}],"wp:attachment":[{"href":"https:\/\/nvnoticias.mx\/index.php\/wp-json\/wp\/v2\/media?parent=230862"}],"wp:term":[{"taxonomy":"category","embeddable":true,"href":"https:\/\/nvnoticias.mx\/index.php\/wp-json\/wp\/v2\/categories?post=230862"},{"taxonomy":"post_tag","embeddable":true,"href":"https:\/\/nvnoticias.mx\/index.php\/wp-json\/wp\/v2\/tags?post=230862"}],"curies":[{"name":"wp","href":"https:\/\/api.w.org\/{rel}","templated":true}]}}