{"id":230857,"date":"2026-09-01T12:40:52","date_gmt":"2026-09-01T18:40:52","guid":{"rendered":"https:\/\/nvnoticias.mx\/?p=230857"},"modified":"2026-09-01T12:41:00","modified_gmt":"2026-09-01T18:41:00","slug":"rusia-niega-implicacion-en-crisis-migratoria-de-ceuta","status":"publish","type":"post","link":"https:\/\/nvnoticias.mx\/index.php\/2026\/09\/01\/rusia-niega-implicacion-en-crisis-migratoria-de-ceuta\/","title":{"rendered":"Rusia niega implicaci\u00f3n en crisis migratoria de Ceuta"},"content":{"rendered":"\n<p class=\"wp-block-paragraph\">Las autoridades de Rusia rechazaron este martes que existan indicios que apunten a una posible implicaci\u00f3n de Mosc\u00fa en la entrada masiva de migrantes a Ceuta a finales del pasado mes de julio y han hecho hincapi\u00e9 en que &#8220;las acusaciones hay que probarlas&#8221;.<\/p>\n\n\n\n<p class=\"wp-block-paragraph\">&#8220;No hay pruebas que apoyen la supuesta implicaci\u00f3n de Rusia en la crisis migratoria en Espa\u00f1a&#8221;, declar\u00f3 la portavoz del Ministerio de Exteriores ruso, Maria Zajarova, durante una rueda de prensa. &#8220;Cuando hay acusaciones debe haber hechos que requieran ser verificados. S\u00f3lo despu\u00e9s, una acusaci\u00f3n puede ser considerada de forma seria&#8221;, a\u00f1adi\u00f3.<\/p>\n\n\n\n<p class=\"wp-block-paragraph\">La funcionaria tambi\u00e9n critic\u00f3 que &#8220;Madrid podr\u00eda haberse dirigido directamente a Mosc\u00fa para abordar este asunto en vez de ir directamente a la prensa&#8221; y agreg\u00f3 que &#8220;si no hay hechos, si no hay materiales, ni datos, ni nombres, simplemente no hay nada de lo que hablar&#8221;.<\/p>\n\n\n\n<p class=\"wp-block-paragraph\">Es por ello que, en su opini\u00f3n, &#8220;por esa regla de tres, cualquier otro pa\u00eds podr\u00eda haber estado implicado, habida cuenta de que no existen pruebas que apoyen estas acusaciones&#8221;.<\/p>\n\n\n\n<p class=\"wp-block-paragraph\">Fuente: La <a href=\"https:\/\/www.jornada.com.mx\/noticia\/2026\/09\/01\/mundo\/rusia-niega-implicacion-en-crisis-migratoria-de-ceuta-las-acusaciones-hay-que-probarlas-revira-a-espana\">Jornada<\/a><\/p>\n","protected":false},"excerpt":{"rendered":"<p>Las autoridades de Rusia rechazaron este martes que existan indicios que apunten a una posible implicaci\u00f3n de Mosc\u00fa en la entrada masiva de migrantes a Ceuta a finales del pasado mes de julio y han hecho hincapi\u00e9 en que &#8220;las acusaciones hay que probarlas&#8221;. &#8220;No hay pruebas que apoyen la supuesta implicaci\u00f3n de Rusia en [&hellip;]<\/p>\n","protected":false},"author":35,"featured_media":230859,"comment_status":"open","ping_status":"open","sticky":false,"template":"","format":"standard","meta":{"_monsterinsights_skip_tracking":false,"footnotes":""},"categories":[181],"tags":[33704,537],"class_list":["post-230857","post","type-post","status-publish","format-standard","has-post-thumbnail","hentry","category-internacional","tag-ceuta","tag-rusia","wp-image-borders"],"amp_enabled":true,"_links":{"self":[{"href":"https:\/\/nvnoticias.mx\/index.php\/wp-json\/wp\/v2\/posts\/230857","targetHints":{"allow":["GET"]}}],"collection":[{"href":"https:\/\/nvnoticias.mx\/index.php\/wp-json\/wp\/v2\/posts"}],"about":[{"href":"https:\/\/nvnoticias.mx\/index.php\/wp-json\/wp\/v2\/types\/post"}],"author":[{"embeddable":true,"href":"https:\/\/nvnoticias.mx\/index.php\/wp-json\/wp\/v2\/users\/35"}],"replies":[{"embeddable":true,"href":"https:\/\/nvnoticias.mx\/index.php\/wp-json\/wp\/v2\/comments?post=230857"}],"version-history":[{"count":3,"href":"https:\/\/nvnoticias.mx\/index.php\/wp-json\/wp\/v2\/posts\/230857\/revisions"}],"predecessor-version":[{"id":230861,"href":"https:\/\/nvnoticias.mx\/index.php\/wp-json\/wp\/v2\/posts\/230857\/revisions\/230861"}],"wp:featuredmedia":[{"embeddable":true,"href":"https:\/\/nvnoticias.mx\/index.php\/wp-json\/wp\/v2\/media\/230859"}],"wp:attachment":[{"href":"https:\/\/nvnoticias.mx\/index.php\/wp-json\/wp\/v2\/media?parent=230857"}],"wp:term":[{"taxonomy":"category","embeddable":true,"href":"https:\/\/nvnoticias.mx\/index.php\/wp-json\/wp\/v2\/categories?post=230857"},{"taxonomy":"post_tag","embeddable":true,"href":"https:\/\/nvnoticias.mx\/index.php\/wp-json\/wp\/v2\/tags?post=230857"}],"curies":[{"name":"wp","href":"https:\/\/api.w.org\/{rel}","templated":true}]}}