{"id":230852,"date":"2026-09-01T12:37:20","date_gmt":"2026-09-01T18:37:20","guid":{"rendered":"https:\/\/nvnoticias.mx\/?p=230852"},"modified":"2026-09-01T12:37:27","modified_gmt":"2026-09-01T18:37:27","slug":"rusia-condena-maniobras-de-japon-eu-y-australia-por-despliegue-de-lanzamisiles-typhon","status":"publish","type":"post","link":"https:\/\/nvnoticias.mx\/index.php\/2026\/09\/01\/rusia-condena-maniobras-de-japon-eu-y-australia-por-despliegue-de-lanzamisiles-typhon\/","title":{"rendered":"Rusia condena maniobras de Jap\u00f3n, EU y Australia por despliegue de lanzamisiles &#8216;Typhon&#8217;"},"content":{"rendered":"\n<p class=\"wp-block-paragraph\">Rusia conden\u00f3 este martes las pr\u00f3ximas maniobras militares conjuntas entre Jap\u00f3n, Australia y Estados Unidos, y afirm\u00f3 que present\u00f3 una queja formal a Tokio por el despliegue de lanzamisiles&nbsp;<em>Typhon<\/em>&nbsp;estadunidenses para las maniobras ya que \u201csupone una amenaza para su propia seguridad nacional\u201d.<\/p>\n\n\n\n<p class=\"wp-block-paragraph\">Las maniobras &#8220;Orient Shield&#8221; tienen previsto desarrollarse del 8 al 24 de septiembre en Jap\u00f3n y, seg\u00fan la agencia japonesa Kyodo News, contar\u00e1n con la participaci\u00f3n de 3 mil 700 efectivos de los tres pa\u00edses, lo que las convierte en las mayores de este tipo hasta la fecha. Las maniobras incluir\u00e1n, por primera vez, los sistemas de misiles de medio alcance&nbsp;<em>Typhon<\/em>&nbsp;de Estados Unidos, capaces de lanzar misiles de crucero \u2060SM-6 y Tomahawk.<\/p>\n\n\n\n<p class=\"wp-block-paragraph\">Mar\u00eda \u200bZaj\u00e1rova, portavoz del Ministerio de Asuntos Exteriores de Rusia, \u2060inform\u00f3 a los periodistas en una rueda de prensa celebrada en Vladivostok que Rusia deseaba que Jap\u00f3n volviera a una pol\u00edtica pacifista y le preocupaba que las maniobras tuvieran lugar en regiones japonesas cercanas a \u200clas propias fronteras \u200cde Rusia. Seg\u00fan Zaj\u00e1rova, Rusia present\u00f3 una protesta ante la embajada japonesa en Mosc\u00fa el lunes.<\/p>\n\n\n\n<p class=\"wp-block-paragraph\">&#8220;Se inform\u00f3 claramente a la parte japonesa de que cualquier actividad militar \u200bprovocadora cerca de las fronteras de nuestro pa\u00eds en el Lejano Oriente \u200bes categ\u00f3ricamente inaceptable&#8221;, declar\u00f3 Zaj\u00e1rova.<\/p>\n\n\n\n<p class=\"wp-block-paragraph\">&#8220;Tambi\u00e9n se llam\u00f3 \u200bla atenci\u00f3n sobre las informaciones que indican que, como parte \u200cde estos ejercicios, se pretende desplegar sistemas terrestres estadunidenses&nbsp;<em>Typhon<\/em>. Se dej\u00f3 claro a la embajada que el despliegue de tales armas en territorio japon\u00e9s, incluso bajo el pretexto de ejercicios militares, es absolutamente inaceptable, ya que supone una amenaza para la seguridad de Rusia. Se emiti\u00f3 una advertencia sobre las contramedidas compensatorias que adoptar\u00e1 Mosc\u00fa con el fin de garantizar un nivel adecuado de seguridad nacional.&#8221;<\/p>\n\n\n\n<p class=\"wp-block-paragraph\">El ej\u00e9rcito estadunidense envi\u00f3 su potente sistema de misiles de medio alcance&nbsp;<em>Typhon<\/em>&nbsp;a la prefectura de Kagoshima para realizar ejercicios conjuntos con las Fuerzas de Autodefensa de Jap\u00f3n en junio, seg\u00fan inform\u00f3 en su momento el&nbsp;<em>Japan Times<\/em>. \u200c<\/p>\n\n\n\n<p class=\"wp-block-paragraph\">Seg\u00fan el diario, estaba previsto que los misiles participaran en los ejercicios conjuntos de este mes \u2060antes de ser trasladados a una base militar estadunidense en Jap\u00f3n a partir de mediados de octubre, aproximadamente.<\/p>\n\n\n\n<p class=\"wp-block-paragraph\">Rusia y Jap\u00f3n han intercambiado una serie de protestas en las \u00faltimas semanas \u2060tras una visita del presidente Vladimir Putin a una isla en disputa controlada por Rusia, situada frente a la costa noreste de Jap\u00f3n.<\/p>\n\n\n\n<p class=\"wp-block-paragraph\">Fuente: La <a href=\"https:\/\/www.jornada.com.mx\/noticia\/2026\/09\/01\/mundo\/rusia-condena-maniobras-de-japon-eu-y-australia-por-despliegue-de-lanzamisiles-typhon\">Jornada<\/a><\/p>\n","protected":false},"excerpt":{"rendered":"<p>Rusia conden\u00f3 este martes las pr\u00f3ximas maniobras militares conjuntas entre Jap\u00f3n, Australia y Estados Unidos, y afirm\u00f3 que present\u00f3 una queja formal a Tokio por el despliegue de lanzamisiles&nbsp;Typhon&nbsp;estadunidenses para las maniobras ya que \u201csupone una amenaza para su propia seguridad nacional\u201d. Las maniobras &#8220;Orient Shield&#8221; tienen previsto desarrollarse del 8 al 24 de septiembre [&hellip;]<\/p>\n","protected":false},"author":35,"featured_media":230853,"comment_status":"open","ping_status":"open","sticky":false,"template":"","format":"standard","meta":{"_monsterinsights_skip_tracking":false,"footnotes":""},"categories":[181],"tags":[694,183,644],"class_list":["post-230852","post","type-post","status-publish","format-standard","has-post-thumbnail","hentry","category-internacional","tag-australia","tag-estados-unidos","tag-japon","wp-image-borders"],"amp_enabled":true,"_links":{"self":[{"href":"https:\/\/nvnoticias.mx\/index.php\/wp-json\/wp\/v2\/posts\/230852","targetHints":{"allow":["GET"]}}],"collection":[{"href":"https:\/\/nvnoticias.mx\/index.php\/wp-json\/wp\/v2\/posts"}],"about":[{"href":"https:\/\/nvnoticias.mx\/index.php\/wp-json\/wp\/v2\/types\/post"}],"author":[{"embeddable":true,"href":"https:\/\/nvnoticias.mx\/index.php\/wp-json\/wp\/v2\/users\/35"}],"replies":[{"embeddable":true,"href":"https:\/\/nvnoticias.mx\/index.php\/wp-json\/wp\/v2\/comments?post=230852"}],"version-history":[{"count":2,"href":"https:\/\/nvnoticias.mx\/index.php\/wp-json\/wp\/v2\/posts\/230852\/revisions"}],"predecessor-version":[{"id":230855,"href":"https:\/\/nvnoticias.mx\/index.php\/wp-json\/wp\/v2\/posts\/230852\/revisions\/230855"}],"wp:featuredmedia":[{"embeddable":true,"href":"https:\/\/nvnoticias.mx\/index.php\/wp-json\/wp\/v2\/media\/230853"}],"wp:attachment":[{"href":"https:\/\/nvnoticias.mx\/index.php\/wp-json\/wp\/v2\/media?parent=230852"}],"wp:term":[{"taxonomy":"category","embeddable":true,"href":"https:\/\/nvnoticias.mx\/index.php\/wp-json\/wp\/v2\/categories?post=230852"},{"taxonomy":"post_tag","embeddable":true,"href":"https:\/\/nvnoticias.mx\/index.php\/wp-json\/wp\/v2\/tags?post=230852"}],"curies":[{"name":"wp","href":"https:\/\/api.w.org\/{rel}","templated":true}]}}