{"id":230845,"date":"2026-09-01T12:31:12","date_gmt":"2026-09-01T18:31:12","guid":{"rendered":"https:\/\/nvnoticias.mx\/?p=230845"},"modified":"2026-09-01T12:31:25","modified_gmt":"2026-09-01T18:31:25","slug":"trump-destinara-4-mdd-para-medios-de-derecha-en-europa","status":"publish","type":"post","link":"https:\/\/nvnoticias.mx\/index.php\/2026\/09\/01\/trump-destinara-4-mdd-para-medios-de-derecha-en-europa\/","title":{"rendered":"Trump destinar\u00e1 4 mdd para medios de derecha en Europa"},"content":{"rendered":"\n<p class=\"wp-block-paragraph\">La administraci\u00f3n del presidente Donald Trump planea gastar 4 millones de d\u00f3lares para reforzar los medios de comunicaci\u00f3n de derecha en Europa, como parte de un paquete de al menos 25 millones de d\u00f3lares para grupos de la sociedad civil que trabajan en causas conservadoras en la regi\u00f3n, seg\u00fan cuatro personas familiarizadas con el financiamiento.<\/p>\n\n\n\n<p class=\"wp-block-paragraph\">Estas subvenciones corren el riesgo de agravar las tensiones entre la administraci\u00f3n Trump y los gobiernos europeos, algunos de los cuales ya han acusado a Washington de interferir en su pol\u00edtica interna.<\/p>\n\n\n\n<p class=\"wp-block-paragraph\">La Oficina de Democracia, Derechos Humanos y Trabajo del Departamento de Estado afirma que el apoyo econ\u00f3mico tiene el objetivo de fortalecer los lazos trasatl\u00e1nticos y promover la libertad de expresi\u00f3n. Esto ocurre mientras los pa\u00edses europeos se preparan para las elecciones de los pr\u00f3ximos dos a\u00f1os y la administraci\u00f3n Trump respalda abiertamente a los partidos populistas de derecha y extrema derecha.<\/p>\n\n\n\n<p class=\"wp-block-paragraph\">Seg\u00fan las fuentes, que hablaron bajo condici\u00f3n de anonimato, el Departamento de Estado notific\u00f3 al Congreso el 21 de agosto su intenci\u00f3n de asignar los fondos.<\/p>\n\n\n\n<p class=\"wp-block-paragraph\">Seg\u00fan las fuentes, se destinaron 3 millones de d\u00f3lares a un programa para \u201cdocumentar y analizar el retroceso democr\u00e1tico en Europa respecto a la migraci\u00f3n masiva e&nbsp;<em>ilegal<\/em>, el panorama de los medios de comunicaci\u00f3n independientes y las agendas legislativas\u201d.<\/p>\n\n\n\n<p class=\"wp-block-paragraph\">Otro mill\u00f3n ser\u00e1 para crear un consorcio de periodistas independientes que cubran la soberan\u00eda nacional, los derechos naturales y la libertad religiosa.<\/p>\n\n\n\n<p class=\"wp-block-paragraph\">Fuente: La <a href=\"https:\/\/www.jornada.com.mx\/noticia\/2026\/09\/01\/mundo\/trump-destinara-4-mdd-para-medios-de-derecha-en-europa\">Jornada<\/a><\/p>\n","protected":false},"excerpt":{"rendered":"<p>La administraci\u00f3n del presidente Donald Trump planea gastar 4 millones de d\u00f3lares para reforzar los medios de comunicaci\u00f3n de derecha en Europa, como parte de un paquete de al menos 25 millones de d\u00f3lares para grupos de la sociedad civil que trabajan en causas conservadoras en la regi\u00f3n, seg\u00fan cuatro personas familiarizadas con el financiamiento. [&hellip;]<\/p>\n","protected":false},"author":35,"featured_media":230847,"comment_status":"open","ping_status":"open","sticky":false,"template":"","format":"standard","meta":{"_monsterinsights_skip_tracking":false,"footnotes":""},"categories":[181],"tags":[230,2838],"class_list":["post-230845","post","type-post","status-publish","format-standard","has-post-thumbnail","hentry","category-internacional","tag-donald-trump","tag-europa","wp-image-borders"],"amp_enabled":true,"_links":{"self":[{"href":"https:\/\/nvnoticias.mx\/index.php\/wp-json\/wp\/v2\/posts\/230845","targetHints":{"allow":["GET"]}}],"collection":[{"href":"https:\/\/nvnoticias.mx\/index.php\/wp-json\/wp\/v2\/posts"}],"about":[{"href":"https:\/\/nvnoticias.mx\/index.php\/wp-json\/wp\/v2\/types\/post"}],"author":[{"embeddable":true,"href":"https:\/\/nvnoticias.mx\/index.php\/wp-json\/wp\/v2\/users\/35"}],"replies":[{"embeddable":true,"href":"https:\/\/nvnoticias.mx\/index.php\/wp-json\/wp\/v2\/comments?post=230845"}],"version-history":[{"count":3,"href":"https:\/\/nvnoticias.mx\/index.php\/wp-json\/wp\/v2\/posts\/230845\/revisions"}],"predecessor-version":[{"id":230849,"href":"https:\/\/nvnoticias.mx\/index.php\/wp-json\/wp\/v2\/posts\/230845\/revisions\/230849"}],"wp:featuredmedia":[{"embeddable":true,"href":"https:\/\/nvnoticias.mx\/index.php\/wp-json\/wp\/v2\/media\/230847"}],"wp:attachment":[{"href":"https:\/\/nvnoticias.mx\/index.php\/wp-json\/wp\/v2\/media?parent=230845"}],"wp:term":[{"taxonomy":"category","embeddable":true,"href":"https:\/\/nvnoticias.mx\/index.php\/wp-json\/wp\/v2\/categories?post=230845"},{"taxonomy":"post_tag","embeddable":true,"href":"https:\/\/nvnoticias.mx\/index.php\/wp-json\/wp\/v2\/tags?post=230845"}],"curies":[{"name":"wp","href":"https:\/\/api.w.org\/{rel}","templated":true}]}}