{"id":230818,"date":"2026-09-01T12:09:44","date_gmt":"2026-09-01T18:09:44","guid":{"rendered":"https:\/\/nvnoticias.mx\/?p=230818"},"modified":"2026-09-01T12:09:57","modified_gmt":"2026-09-01T18:09:57","slug":"ofrece-sheinbaum-que-paquete-fiscal-2027-sera-responsable","status":"publish","type":"post","link":"https:\/\/nvnoticias.mx\/index.php\/2026\/09\/01\/ofrece-sheinbaum-que-paquete-fiscal-2027-sera-responsable\/","title":{"rendered":"Ofrece Sheinbaum que paquete fiscal 2027 ser\u00e1 responsable"},"content":{"rendered":"\n<p class=\"wp-block-paragraph\">A unos d\u00edas de presentar el nuevo paquete fiscal y presupuestal para 2027, la\u00a0presidenta Claudia Sheinbaum Pardo\u00a0ofreci\u00f3 que ser\u00e1 un proyecto responsable que al mismo tiempo \u201cgarantice una paulatina consolidaci\u00f3n fiscal, mantiene inversi\u00f3n y bienestar, salud y educaci\u00f3n\u201d.<\/p>\n\n\n\n<p class=\"wp-block-paragraph\">Explic\u00f3 que recientemente se aprob\u00f3 la Ley para la Inversi\u00f3n que \u201cest\u00e1 permitiendo acelerar la inversi\u00f3n p\u00fablica y mixta durante el segundo semestre de 2026 para fortalecer la infraestructura y el desarrollo nacional\u201d.<\/p>\n\n\n\n<p class=\"wp-block-paragraph\">Hoy el Estado \u201crecupera la rector\u00eda en la planeaci\u00f3n del desarrollo, la infraestructura y los sectores estrat\u00e9gicos, utilizando de manera inteligente instrumentos financieros para ampliar la inversi\u00f3n sin ceder el control del inter\u00e9s p\u00fablico. A eso nos referimos con inversi\u00f3n mixta\u201d, sostuvo.<\/p>\n\n\n\n<p class=\"wp-block-paragraph\">Afirm\u00f3 que es \u201cimportante establecer una premisa: recuperar la rector\u00eda del Estado no significa abandonar la disciplina fiscal, ni asumir que el desarrollo depende exclusivamente de mayor gasto p\u00fablico\u201d.<\/p>\n\n\n\n<p class=\"wp-block-paragraph\">Significa, dijo, \u201ccontar con finanzas p\u00fablicas s\u00f3lidas que ampl\u00eden la capacidad de inversi\u00f3n sin comprometer la estabilidad macroecon\u00f3mica y que al mismo tiempo garanticen derechos, impulsen el desarrollo, distribuyan la riqueza y fortalezcan la soberan\u00eda energ\u00e9tica\u201d.<\/p>\n\n\n\n<p class=\"wp-block-paragraph\">La Presidenta, en su segundo Informe de gobierno, destac\u00f3 que con el Plan M\u00e9xico se publicaron dos decretos con incentivos para la inversi\u00f3n privada, en particular para 25 polos del desarrollo econ\u00f3mico para el bienestar, de los cuales 10 ya est\u00e1n en proceso de desarrollo y 25 de los 100 parques industriales que anunciamos como meta ya est\u00e1n en operaci\u00f3n\u201d.<\/p>\n\n\n\n<p class=\"wp-block-paragraph\">Se\u00f1al\u00f3 la creaci\u00f3n de la Oficina de la Presidencia para la Promoci\u00f3n de las Inversiones, que cuenta con una ventanilla \u00fanica que aprueba en un m\u00e1ximo de 60 d\u00edas los tr\u00e1mites. \u201cCon \u00e9sta, se han aprobado en cuatro meses 19 proyectos por un monto de tres mil 760 millones de d\u00f3lares.<\/p>\n\n\n\n<p class=\"wp-block-paragraph\">Adem\u00e1s, destac\u00f3 la simplificaci\u00f3n y reducci\u00f3n de tr\u00e1mites. \u201cDestaca la simplificaci\u00f3n del cien de los tr\u00e1mites en Cofepris y para llevar este modelo a todo el pa\u00eds, estamos implementando el cat\u00e1logo \u00fanico de tr\u00e1mites y servicios con estados y municipios para reducirlos al menos al 50 por ciento\u201d.<\/p>\n\n\n\n<p class=\"wp-block-paragraph\">Fuente: La <a href=\"https:\/\/www.jornada.com.mx\/noticia\/2026\/09\/01\/economia\/informe-de-gobierno-de-sheinbaum-ofrece-paquete-fiscal-2027-responsable-garantiza-consolidacion-y-bienestar\">Jornada<\/a><\/p>\n","protected":false},"excerpt":{"rendered":"<p>A unos d\u00edas de presentar el nuevo paquete fiscal y presupuestal para 2027, la\u00a0presidenta Claudia Sheinbaum Pardo\u00a0ofreci\u00f3 que ser\u00e1 un proyecto responsable que al mismo tiempo \u201cgarantice una paulatina consolidaci\u00f3n fiscal, mantiene inversi\u00f3n y bienestar, salud y educaci\u00f3n\u201d. Explic\u00f3 que recientemente se aprob\u00f3 la Ley para la Inversi\u00f3n que \u201cest\u00e1 permitiendo acelerar la inversi\u00f3n p\u00fablica [&hellip;]<\/p>\n","protected":false},"author":35,"featured_media":230821,"comment_status":"open","ping_status":"open","sticky":false,"template":"","format":"standard","meta":{"_monsterinsights_skip_tracking":false,"footnotes":""},"categories":[158],"tags":[2801,162],"class_list":["post-230818","post","type-post","status-publish","format-standard","has-post-thumbnail","hentry","category-politica","tag-claudia-sheinbaum","tag-portada","wp-image-borders"],"amp_enabled":true,"_links":{"self":[{"href":"https:\/\/nvnoticias.mx\/index.php\/wp-json\/wp\/v2\/posts\/230818","targetHints":{"allow":["GET"]}}],"collection":[{"href":"https:\/\/nvnoticias.mx\/index.php\/wp-json\/wp\/v2\/posts"}],"about":[{"href":"https:\/\/nvnoticias.mx\/index.php\/wp-json\/wp\/v2\/types\/post"}],"author":[{"embeddable":true,"href":"https:\/\/nvnoticias.mx\/index.php\/wp-json\/wp\/v2\/users\/35"}],"replies":[{"embeddable":true,"href":"https:\/\/nvnoticias.mx\/index.php\/wp-json\/wp\/v2\/comments?post=230818"}],"version-history":[{"count":4,"href":"https:\/\/nvnoticias.mx\/index.php\/wp-json\/wp\/v2\/posts\/230818\/revisions"}],"predecessor-version":[{"id":230823,"href":"https:\/\/nvnoticias.mx\/index.php\/wp-json\/wp\/v2\/posts\/230818\/revisions\/230823"}],"wp:featuredmedia":[{"embeddable":true,"href":"https:\/\/nvnoticias.mx\/index.php\/wp-json\/wp\/v2\/media\/230821"}],"wp:attachment":[{"href":"https:\/\/nvnoticias.mx\/index.php\/wp-json\/wp\/v2\/media?parent=230818"}],"wp:term":[{"taxonomy":"category","embeddable":true,"href":"https:\/\/nvnoticias.mx\/index.php\/wp-json\/wp\/v2\/categories?post=230818"},{"taxonomy":"post_tag","embeddable":true,"href":"https:\/\/nvnoticias.mx\/index.php\/wp-json\/wp\/v2\/tags?post=230818"}],"curies":[{"name":"wp","href":"https:\/\/api.w.org\/{rel}","templated":true}]}}