{"id":230808,"date":"2026-09-01T12:00:47","date_gmt":"2026-09-01T18:00:47","guid":{"rendered":"https:\/\/nvnoticias.mx\/?p=230808"},"modified":"2026-09-01T12:01:00","modified_gmt":"2026-09-01T18:01:00","slug":"sheinbaum-resalta-avance-economico-con-estabilidad-pese-a-politicas-arancelarias-de-trump","status":"publish","type":"post","link":"https:\/\/nvnoticias.mx\/index.php\/2026\/09\/01\/sheinbaum-resalta-avance-economico-con-estabilidad-pese-a-politicas-arancelarias-de-trump\/","title":{"rendered":"Sheinbaum resalta avance econ\u00f3mico con estabilidad pese a pol\u00edticas arancelarias de Trump"},"content":{"rendered":"\n<p class=\"wp-block-paragraph\">Pese a las \u201cdif\u00edciles circunstancias\u201d que ha enfrentado M\u00e9xico y el mundo derivada de las pol\u00edticas arancelarias impuestas por el mandatario de Estados Unidos, Donald Trump, \u201cla econom\u00eda mexicana permanece estable y avanzando\u201d.&nbsp;<\/p>\n\n\n\n<p class=\"wp-block-paragraph\">As\u00ed lo apunt\u00f3 esta ma\u00f1ana la presidenta Claudia Sheinbaum Pardo en su mensaje por su Segundo Informe de Gobierno que ofrece en Palacio Nacional.&nbsp;<\/p>\n\n\n\n<p class=\"wp-block-paragraph\">\u201cEn estos casi dos a\u00f1os hemos enfrentado dif\u00edciles circunstancias internacionales marcadas por un cambio en la pol\u00edtica arancelaria del gobierno de Estados Unidos.&nbsp;<\/p>\n\n\n\n<p class=\"wp-block-paragraph\">\u201cEn particular, los aranceles a la exportaci\u00f3n de veh\u00edculos, acero, aluminio y sus derivados, as\u00ed como la guerra en Ir\u00e1n que elev\u00f3 los precios internacionales de petr\u00f3leo, han generado dif\u00edciles circunstancias &nbsp;para nuestro pa\u00eds y todo el mundo\u201d.&nbsp;<\/p>\n\n\n\n<p class=\"wp-block-paragraph\">Aun con ello, apunt\u00f3 la mandataria, la econom\u00eda nacional se mantiene y avanza, para lo que present\u00f3 una serie de indicadores: &nbsp;<\/p>\n\n\n\n<p class=\"wp-block-paragraph\">Afirm\u00f3 que en el primer semestre de 2026 se alcanz\u00f3 una inversi\u00f3n extranjera directa de 35 mil millones de d\u00f3lares, un r\u00e9cord hist\u00f3rico.&nbsp;<\/p>\n\n\n\n<p class=\"wp-block-paragraph\">\u201cEste monto representa un crecimiento de 12 por ciento comparado con el mismo periodo de 2025\u201d.&nbsp;<\/p>\n\n\n\n<p class=\"wp-block-paragraph\">Ante gobernadores y otros pol\u00edticos invitados a la ceremonia, la jefa del Ejecutivo sostuvo que en el segundo trimestre de este a\u00f1o el PIB nacional tuvo un crecimiento de 1.4 por ciento respecto al primer trimestre anterior y de 1.9 por ciento con relaci\u00f3n al segundo trimestre de 2025.&nbsp;<\/p>\n\n\n\n<p class=\"wp-block-paragraph\">Asimismo, afirm\u00f3 que \u201cse alcanzaron los 60 millones de personas con empleo, lo que representa una tasa de desempleo de tan s\u00f3lo 2.7 por ciento\u201d.&nbsp;<\/p>\n\n\n\n<p class=\"wp-block-paragraph\">A\u00f1adi\u00f3 que al cierre de agosto de 2026, sin considerar plataformas digitales, \u201cse crearon 86 mil 765 puestos de trabajo formales respecto al cierre de julio de este a\u00f1o\u201d.&nbsp;<\/p>\n\n\n\n<p class=\"wp-block-paragraph\">La mandataria asegur\u00f3 que la inflaci\u00f3n \u201cva a la baja\u201d, lo que se debe a los incentivos de los combustibles y a los acuerdos para contrarrestar la inflaci\u00f3n y la carest\u00eda que a firmado el gobierno con la iniciativa privada. &nbsp;<\/p>\n\n\n\n<p class=\"wp-block-paragraph\">\u201cNo ha aumentado el precio de la gasolina regular ni del di\u00e9sel y 24 art\u00edculos de la canasta b\u00e1sica han disminuido su precio en 12 por ciento en t\u00e9rminos reales\u201d.&nbsp;<\/p>\n\n\n\n<p class=\"wp-block-paragraph\">Subray\u00f3 que el peso \u201cest\u00e1 fuerte\u201d, pues se mantiene cerca de 17 unidades por d\u00f3lar. \u201cEs una de las monedas mas apreciadas en todo el mundo\u201d.<\/p>\n\n\n\n<p class=\"wp-block-paragraph\">Asimismo, sostuvo, por segundo a\u00f1o consecutivo la balanza comercial es positiva.&nbsp;<\/p>\n\n\n\n<p class=\"wp-block-paragraph\">\u201cAlcanzamos la cifra de 51.1 millones de viajaremos internacionales durante primer semestre de 2026, lo que representa aumento de 7.7 por ciento en comparaci\u00f3n con el mismo periodo de a\u00f1o anterior\u201d.<\/p>\n\n\n\n<p class=\"wp-block-paragraph\">Fuente: La <a href=\"https:\/\/www.jornada.com.mx\/noticia\/2026\/09\/01\/economia\/la-economia-mexicana-avanza-con-estabilidad-pese-a-politicas-arancelarias-de-trump-sheinbaum\">Jornada<\/a><\/p>\n","protected":false},"excerpt":{"rendered":"<p>Pese a las \u201cdif\u00edciles circunstancias\u201d que ha enfrentado M\u00e9xico y el mundo derivada de las pol\u00edticas arancelarias impuestas por el mandatario de Estados Unidos, Donald Trump, \u201cla econom\u00eda mexicana permanece estable y avanzando\u201d.&nbsp; As\u00ed lo apunt\u00f3 esta ma\u00f1ana la presidenta Claudia Sheinbaum Pardo en su mensaje por su Segundo Informe de Gobierno que ofrece en [&hellip;]<\/p>\n","protected":false},"author":35,"featured_media":230810,"comment_status":"open","ping_status":"open","sticky":false,"template":"","format":"standard","meta":{"_monsterinsights_skip_tracking":false,"footnotes":""},"categories":[157],"tags":[2801,230,162],"class_list":["post-230808","post","type-post","status-publish","format-standard","has-post-thumbnail","hentry","category-nacional","tag-claudia-sheinbaum","tag-donald-trump","tag-portada","wp-image-borders"],"amp_enabled":true,"_links":{"self":[{"href":"https:\/\/nvnoticias.mx\/index.php\/wp-json\/wp\/v2\/posts\/230808","targetHints":{"allow":["GET"]}}],"collection":[{"href":"https:\/\/nvnoticias.mx\/index.php\/wp-json\/wp\/v2\/posts"}],"about":[{"href":"https:\/\/nvnoticias.mx\/index.php\/wp-json\/wp\/v2\/types\/post"}],"author":[{"embeddable":true,"href":"https:\/\/nvnoticias.mx\/index.php\/wp-json\/wp\/v2\/users\/35"}],"replies":[{"embeddable":true,"href":"https:\/\/nvnoticias.mx\/index.php\/wp-json\/wp\/v2\/comments?post=230808"}],"version-history":[{"count":2,"href":"https:\/\/nvnoticias.mx\/index.php\/wp-json\/wp\/v2\/posts\/230808\/revisions"}],"predecessor-version":[{"id":230811,"href":"https:\/\/nvnoticias.mx\/index.php\/wp-json\/wp\/v2\/posts\/230808\/revisions\/230811"}],"wp:featuredmedia":[{"embeddable":true,"href":"https:\/\/nvnoticias.mx\/index.php\/wp-json\/wp\/v2\/media\/230810"}],"wp:attachment":[{"href":"https:\/\/nvnoticias.mx\/index.php\/wp-json\/wp\/v2\/media?parent=230808"}],"wp:term":[{"taxonomy":"category","embeddable":true,"href":"https:\/\/nvnoticias.mx\/index.php\/wp-json\/wp\/v2\/categories?post=230808"},{"taxonomy":"post_tag","embeddable":true,"href":"https:\/\/nvnoticias.mx\/index.php\/wp-json\/wp\/v2\/tags?post=230808"}],"curies":[{"name":"wp","href":"https:\/\/api.w.org\/{rel}","templated":true}]}}