{"id":230801,"date":"2026-09-01T11:57:19","date_gmt":"2026-09-01T17:57:19","guid":{"rendered":"https:\/\/nvnoticias.mx\/?p=230801"},"modified":"2026-09-01T11:57:27","modified_gmt":"2026-09-01T17:57:27","slug":"servidores-publicos-tenemos-que-comportarnos-con-responsabilidad-y-humildad-informe-de-gobierno-de-claudia-sheinbaum","status":"publish","type":"post","link":"https:\/\/nvnoticias.mx\/index.php\/2026\/09\/01\/servidores-publicos-tenemos-que-comportarnos-con-responsabilidad-y-humildad-informe-de-gobierno-de-claudia-sheinbaum\/","title":{"rendered":"Servidores p\u00fablicos tenemos que comportarnos con responsabilidad y humildad: Informe de gobierno de Claudia Sheinbaum"},"content":{"rendered":"\n<p class=\"wp-block-paragraph\">Al abrir su mensaje con motivo de su Segundo Informe de Gobierno, la presidenta Claudia Sheinbaum Pardo enfatiz\u00f3 que \u201clos servidores p\u00fablicos tenemos la obligaci\u00f3n de comportarnos con profunda responsabilidad, pero al mismo tiempo con sencillez y humildad\u201d.<\/p>\n\n\n\n<p class=\"wp-block-paragraph\">Se\u00f1al\u00f3 que est\u00e1 por cumplir dos a\u00f1os de gobierno, al que lleg\u00f3, dijo, con la \u201ccerteza que estamos transformando la vida p\u00fablica del pa\u00eds\u201d.<\/p>\n\n\n\n<p class=\"wp-block-paragraph\">Ante decenas de invitados concentrados en el Patio Principal del Palacio Nacional, la mandataria sostuvo que cada avance, decisi\u00f3n y esfuerzo tienen un mismo prop\u00f3sito: \u201cque el bienestar llegue a todas y todos\u201d.<\/p>\n\n\n\n<p class=\"wp-block-paragraph\">Se dijo convencida que M\u00e9xico camina por el rumbo de la prosperidad compartida, con independencia, libertad y con mucha dignidad.<\/p>\n\n\n\n<p class=\"wp-block-paragraph\">\u201cHemos ejercicio el gobierno con honradez y austeridad republicana. Tenemos claro que los recursos p\u00fablicos son del pueblo y deben ejercerse para su beneficio\u201d.<\/p>\n\n\n\n<p class=\"wp-block-paragraph\">Destac\u00f3 que con la llegada de la 4T al poder las cosas se han trasformado.<\/p>\n\n\n\n<blockquote class=\"wp-block-quote is-layout-flow wp-block-quote-is-layout-flow\">\n<p class=\"wp-block-paragraph\">\u201cDurante muchos a\u00f1os, mientras millones de mexicanas y mexicanos trabajaban todos los d\u00edas para salir adelante, el gobierno se fue alejando de la gente, de sus necesidades y de su realidad. Se utilizaban los recursos p\u00fablicos para excentricidades y lujos y se gobernaba para unos pocos.<\/p>\n<\/blockquote>\n\n\n\n<p class=\"wp-block-paragraph\">\u201cEso termin\u00f3 con la llegada de la 4T y, lo digo claro, debe continuar de esa manera\u201d.<\/p>\n\n\n\n<p class=\"wp-block-paragraph\">Fuente: La <a href=\"https:\/\/www.jornada.com.mx\/noticia\/2026\/09\/01\/politica\/informe-de-gobierno-de-claudia-sheinbaum\">Jornada<\/a><\/p>\n","protected":false},"excerpt":{"rendered":"<p>Al abrir su mensaje con motivo de su Segundo Informe de Gobierno, la presidenta Claudia Sheinbaum Pardo enfatiz\u00f3 que \u201clos servidores p\u00fablicos tenemos la obligaci\u00f3n de comportarnos con profunda responsabilidad, pero al mismo tiempo con sencillez y humildad\u201d. Se\u00f1al\u00f3 que est\u00e1 por cumplir dos a\u00f1os de gobierno, al que lleg\u00f3, dijo, con la \u201ccerteza que [&hellip;]<\/p>\n","protected":false},"author":35,"featured_media":230804,"comment_status":"open","ping_status":"open","sticky":false,"template":"","format":"standard","meta":{"_monsterinsights_skip_tracking":false,"footnotes":""},"categories":[158],"tags":[2801,162,19581],"class_list":["post-230801","post","type-post","status-publish","format-standard","has-post-thumbnail","hentry","category-politica","tag-claudia-sheinbaum","tag-portada","tag-segundo-informe","wp-image-borders"],"amp_enabled":true,"_links":{"self":[{"href":"https:\/\/nvnoticias.mx\/index.php\/wp-json\/wp\/v2\/posts\/230801","targetHints":{"allow":["GET"]}}],"collection":[{"href":"https:\/\/nvnoticias.mx\/index.php\/wp-json\/wp\/v2\/posts"}],"about":[{"href":"https:\/\/nvnoticias.mx\/index.php\/wp-json\/wp\/v2\/types\/post"}],"author":[{"embeddable":true,"href":"https:\/\/nvnoticias.mx\/index.php\/wp-json\/wp\/v2\/users\/35"}],"replies":[{"embeddable":true,"href":"https:\/\/nvnoticias.mx\/index.php\/wp-json\/wp\/v2\/comments?post=230801"}],"version-history":[{"count":4,"href":"https:\/\/nvnoticias.mx\/index.php\/wp-json\/wp\/v2\/posts\/230801\/revisions"}],"predecessor-version":[{"id":230806,"href":"https:\/\/nvnoticias.mx\/index.php\/wp-json\/wp\/v2\/posts\/230801\/revisions\/230806"}],"wp:featuredmedia":[{"embeddable":true,"href":"https:\/\/nvnoticias.mx\/index.php\/wp-json\/wp\/v2\/media\/230804"}],"wp:attachment":[{"href":"https:\/\/nvnoticias.mx\/index.php\/wp-json\/wp\/v2\/media?parent=230801"}],"wp:term":[{"taxonomy":"category","embeddable":true,"href":"https:\/\/nvnoticias.mx\/index.php\/wp-json\/wp\/v2\/categories?post=230801"},{"taxonomy":"post_tag","embeddable":true,"href":"https:\/\/nvnoticias.mx\/index.php\/wp-json\/wp\/v2\/tags?post=230801"}],"curies":[{"name":"wp","href":"https:\/\/api.w.org\/{rel}","templated":true}]}}