{"id":230796,"date":"2026-09-01T11:53:32","date_gmt":"2026-09-01T17:53:32","guid":{"rendered":"https:\/\/nvnoticias.mx\/?p=230796"},"modified":"2026-09-01T11:53:40","modified_gmt":"2026-09-01T17:53:40","slug":"en-mexico-la-confianza-empresarial-siguio-deprimida","status":"publish","type":"post","link":"https:\/\/nvnoticias.mx\/index.php\/2026\/09\/01\/en-mexico-la-confianza-empresarial-siguio-deprimida\/","title":{"rendered":"En M\u00e9xico, la confianza empresarial sigui\u00f3 deprimida"},"content":{"rendered":"\n<p class=\"wp-block-paragraph\">En agosto, la confianza empresarial en M\u00e9xico sigui\u00f3 deprimida, con un estancamiento mensual y con la acumulaci\u00f3n de 28 ca\u00eddas anuales consecutivas, seg\u00fan datos del Instituto Nacional de Estad\u00edstica y Geograf\u00eda (Inegi) al cierre de julio de 2026.<\/p>\n\n\n\n<p class=\"wp-block-paragraph\">El Indicador Global de Opini\u00f3n Empresarial de Confianza (Igoec), que se ubic\u00f3 en 48.2 puntos en agosto, no present\u00f3 cambios con respecto al mes previo; mientras que retrocedi\u00f3 1.1 puntos frente a agosto de 2025, su ca\u00edda anual n\u00famero 28 de manera consecutiva, reflejando pesimismo entre el consenso de empresarios.<\/p>\n\n\n\n<p class=\"wp-block-paragraph\">Con cifras desestacionalizadas, el Igoec, que es el promedio ponderado de los indicadores de los cuatro sectores que lo integran &#8211;(manufactura, construcci\u00f3n, comercio y servicios privados no financieros)&#8211;, sigui\u00f3 en zona de contracci\u00f3n, pues est\u00e1 por debajo de los 50 puntos, que explica pesimismo, por 18 lecturas al hilo.<\/p>\n\n\n\n<p class=\"wp-block-paragraph\">La confianza empresarial, que mide el \u2018humor\u2019 de los empresarios, variable que condiciona las decisiones de producci\u00f3n e inversi\u00f3n a corto y mediano plazo, report\u00f3 un deterioro promedio en agosto pasado, provocada por el pesimismo que mostr\u00f3 el empresariado, principalmente en sectores de la manufactura, comercio y de los servicios no financieros, que presentaron descensos anuales y s\u00f3lo la construcci\u00f3n avanz\u00f3 en agosto; mientras que en su medici\u00f3n mes a mes, manufactura, construcci\u00f3n y servicios presentaron avances. El comercio se deprimi\u00f3.<\/p>\n\n\n\n<p class=\"wp-block-paragraph\">Pese al des\u00e1nimo promedio, destac\u00f3 entre los cuatro sectores econ\u00f3micos un mejor sentimiento para invertir en su medici\u00f3n mes a mes; mientras que el balance es mixto cuando se trata de la confianza en la econom\u00eda del pa\u00eds o de sus empresas.&nbsp;<\/p>\n\n\n\n<p class=\"wp-block-paragraph\">Fuente: La <a href=\"https:\/\/www.jornada.com.mx\/noticia\/2026\/09\/01\/economia\/en-mexico-la-confianza-empresarial-siguio-deprimida\">Jornada<\/a><\/p>\n","protected":false},"excerpt":{"rendered":"<p>En agosto, la confianza empresarial en M\u00e9xico sigui\u00f3 deprimida, con un estancamiento mensual y con la acumulaci\u00f3n de 28 ca\u00eddas anuales consecutivas, seg\u00fan datos del Instituto Nacional de Estad\u00edstica y Geograf\u00eda (Inegi) al cierre de julio de 2026. El Indicador Global de Opini\u00f3n Empresarial de Confianza (Igoec), que se ubic\u00f3 en 48.2 puntos en agosto, [&hellip;]<\/p>\n","protected":false},"author":35,"featured_media":230798,"comment_status":"open","ping_status":"open","sticky":false,"template":"","format":"standard","meta":{"_monsterinsights_skip_tracking":false,"footnotes":""},"categories":[157],"tags":[14636,292],"class_list":["post-230796","post","type-post","status-publish","format-standard","has-post-thumbnail","hentry","category-nacional","tag-confianza","tag-mexico","wp-image-borders"],"amp_enabled":true,"_links":{"self":[{"href":"https:\/\/nvnoticias.mx\/index.php\/wp-json\/wp\/v2\/posts\/230796","targetHints":{"allow":["GET"]}}],"collection":[{"href":"https:\/\/nvnoticias.mx\/index.php\/wp-json\/wp\/v2\/posts"}],"about":[{"href":"https:\/\/nvnoticias.mx\/index.php\/wp-json\/wp\/v2\/types\/post"}],"author":[{"embeddable":true,"href":"https:\/\/nvnoticias.mx\/index.php\/wp-json\/wp\/v2\/users\/35"}],"replies":[{"embeddable":true,"href":"https:\/\/nvnoticias.mx\/index.php\/wp-json\/wp\/v2\/comments?post=230796"}],"version-history":[{"count":2,"href":"https:\/\/nvnoticias.mx\/index.php\/wp-json\/wp\/v2\/posts\/230796\/revisions"}],"predecessor-version":[{"id":230799,"href":"https:\/\/nvnoticias.mx\/index.php\/wp-json\/wp\/v2\/posts\/230796\/revisions\/230799"}],"wp:featuredmedia":[{"embeddable":true,"href":"https:\/\/nvnoticias.mx\/index.php\/wp-json\/wp\/v2\/media\/230798"}],"wp:attachment":[{"href":"https:\/\/nvnoticias.mx\/index.php\/wp-json\/wp\/v2\/media?parent=230796"}],"wp:term":[{"taxonomy":"category","embeddable":true,"href":"https:\/\/nvnoticias.mx\/index.php\/wp-json\/wp\/v2\/categories?post=230796"},{"taxonomy":"post_tag","embeddable":true,"href":"https:\/\/nvnoticias.mx\/index.php\/wp-json\/wp\/v2\/tags?post=230796"}],"curies":[{"name":"wp","href":"https:\/\/api.w.org\/{rel}","templated":true}]}}