{"id":230790,"date":"2026-09-01T11:50:29","date_gmt":"2026-09-01T17:50:29","guid":{"rendered":"https:\/\/nvnoticias.mx\/?p=230790"},"modified":"2026-09-01T11:50:37","modified_gmt":"2026-09-01T17:50:37","slug":"analistas-mejoran-prevision-del-pib-para-mexico-de-1-20-a-1-30-en-2026","status":"publish","type":"post","link":"https:\/\/nvnoticias.mx\/index.php\/2026\/09\/01\/analistas-mejoran-prevision-del-pib-para-mexico-de-1-20-a-1-30-en-2026\/","title":{"rendered":"Analistas mejoran previsi\u00f3n del PIB para M\u00e9xico de 1.20 a 1.30% en 2026"},"content":{"rendered":"\n<p class=\"wp-block-paragraph\">Analistas financieros consultados por el\u00a0Banco de M\u00e9xico (BdeM)\u00a0mejoraron su previsi\u00f3n de crecimiento econ\u00f3mico de M\u00e9xico para 2026, al pasar la mediana de la expectativa de 1.20 a 1.30 por ciento. Para 2027, el pron\u00f3stico se mantuvo sin cambios, en 1.80 por ciento.<\/p>\n\n\n\n<p class=\"wp-block-paragraph\">En su encuesta sobre las expectativas de los especialistas en econom\u00eda del sector privado correspondiente a agosto, el banco central detall\u00f3 que las perspectivas de inflaci\u00f3n general para el cierre de este a\u00f1o se mantuvieron en niveles similares a los de julio, aunque la mediana de los pron\u00f3sticos baj\u00f3 de 4.00 a 3.90 por ciento. Para 2027, la expectativa permaneci\u00f3 en 3.84 por ciento.<\/p>\n\n\n\n<p class=\"wp-block-paragraph\">Los analistas tambi\u00e9n revisaron a la baja su previsi\u00f3n sobre el tipo de cambio. Ahora esperan que el peso concluya el a\u00f1o en 17.50 unidades por d\u00f3lar estadunidense, frente a los 17.88 pesos previstos un mes antes. Para 2027, la mediana baj\u00f3 de 18.45 a 18.05 pesos por d\u00f3lar.<\/p>\n\n\n\n<p class=\"wp-block-paragraph\">En el mercado laboral, los especialistas prev\u00e9n que el pa\u00eds genere 296 mil empleos formales al cierre de 2026, cifra ligeramente menor a los 305 mil calculados en julio. Para 2027, la previsi\u00f3n baj\u00f3 de 405 mil a 400 mil plazas.<\/p>\n\n\n\n<p class=\"wp-block-paragraph\">En cuanto a las finanzas p\u00fablicas, ahora esperan un d\u00e9ficit econ\u00f3mico de 3.80 por ciento del Producto Interno Bruto para el cierre de 2026, inferior a 3.90 por ciento anticipado un mes antes. Para 2027, la previsi\u00f3n se mantuvo en 3.70 por ciento.<\/p>\n\n\n\n<p class=\"wp-block-paragraph\">Fuente: La <a href=\"https:\/\/www.jornada.com.mx\/noticia\/2026\/09\/01\/economia\/especialistas-mejoran-prevision-del-pib-para-mexico-de-120-a-130-en-2026\">Jornada<\/a><\/p>\n","protected":false},"excerpt":{"rendered":"<p>Analistas financieros consultados por el\u00a0Banco de M\u00e9xico (BdeM)\u00a0mejoraron su previsi\u00f3n de crecimiento econ\u00f3mico de M\u00e9xico para 2026, al pasar la mediana de la expectativa de 1.20 a 1.30 por ciento. Para 2027, el pron\u00f3stico se mantuvo sin cambios, en 1.80 por ciento. En su encuesta sobre las expectativas de los especialistas en econom\u00eda del sector [&hellip;]<\/p>\n","protected":false},"author":35,"featured_media":230792,"comment_status":"open","ping_status":"open","sticky":false,"template":"","format":"standard","meta":{"_monsterinsights_skip_tracking":false,"footnotes":""},"categories":[157],"tags":[292,857],"class_list":["post-230790","post","type-post","status-publish","format-standard","has-post-thumbnail","hentry","category-nacional","tag-mexico","tag-pib","wp-image-borders"],"amp_enabled":true,"_links":{"self":[{"href":"https:\/\/nvnoticias.mx\/index.php\/wp-json\/wp\/v2\/posts\/230790","targetHints":{"allow":["GET"]}}],"collection":[{"href":"https:\/\/nvnoticias.mx\/index.php\/wp-json\/wp\/v2\/posts"}],"about":[{"href":"https:\/\/nvnoticias.mx\/index.php\/wp-json\/wp\/v2\/types\/post"}],"author":[{"embeddable":true,"href":"https:\/\/nvnoticias.mx\/index.php\/wp-json\/wp\/v2\/users\/35"}],"replies":[{"embeddable":true,"href":"https:\/\/nvnoticias.mx\/index.php\/wp-json\/wp\/v2\/comments?post=230790"}],"version-history":[{"count":3,"href":"https:\/\/nvnoticias.mx\/index.php\/wp-json\/wp\/v2\/posts\/230790\/revisions"}],"predecessor-version":[{"id":230794,"href":"https:\/\/nvnoticias.mx\/index.php\/wp-json\/wp\/v2\/posts\/230790\/revisions\/230794"}],"wp:featuredmedia":[{"embeddable":true,"href":"https:\/\/nvnoticias.mx\/index.php\/wp-json\/wp\/v2\/media\/230792"}],"wp:attachment":[{"href":"https:\/\/nvnoticias.mx\/index.php\/wp-json\/wp\/v2\/media?parent=230790"}],"wp:term":[{"taxonomy":"category","embeddable":true,"href":"https:\/\/nvnoticias.mx\/index.php\/wp-json\/wp\/v2\/categories?post=230790"},{"taxonomy":"post_tag","embeddable":true,"href":"https:\/\/nvnoticias.mx\/index.php\/wp-json\/wp\/v2\/tags?post=230790"}],"curies":[{"name":"wp","href":"https:\/\/api.w.org\/{rel}","templated":true}]}}