{"id":230779,"date":"2026-09-01T11:30:49","date_gmt":"2026-09-01T17:30:49","guid":{"rendered":"https:\/\/nvnoticias.mx\/?p=230779"},"modified":"2026-09-01T11:31:01","modified_gmt":"2026-09-01T17:31:01","slug":"denuncian-al-pan-ante-el-instituto-electoral-de-guanajuato-por-actos-anticipados-de-campana","status":"publish","type":"post","link":"https:\/\/nvnoticias.mx\/index.php\/2026\/09\/01\/denuncian-al-pan-ante-el-instituto-electoral-de-guanajuato-por-actos-anticipados-de-campana\/","title":{"rendered":"Denuncian al PAN ante el Instituto Electoral de Guanajuato por actos anticipados de campa\u00f1a"},"content":{"rendered":"\n<p class=\"wp-block-paragraph\">El Partido Acci\u00f3n Nacional (PAN), fue denunciado ante el Instituto Electoral del Estado de Guanajuato (IEEG), por actos anticipados de campa\u00f1a por posicionar a sus aspirantes a nueve alcald\u00edas con el programa \u201cDefensores de la Patria, la Familia y la Libertad\u201d.<\/p>\n\n\n\n<p class=\"wp-block-paragraph\">La coordinadora estatal de MC, Yulma Rocha Aguilar, tramit\u00f3 un Procedimiento Especial Sancionador contra el PAN por actos anticipados de precampa\u00f1a y campa\u00f1a, as\u00ed como por presuntas violaciones a la fiscalizaci\u00f3n, a la legalidad del proceso electoral y a la equidad en la contienda.&nbsp;<\/p>\n\n\n\n<p class=\"wp-block-paragraph\">Como pruebas, Movimiento Ciudadano present\u00f3 los recorridos territoriales de los aspirantes a defensores, concentraciones, propaganda en redes sociales, prendas y mensajes de posicionamiento, espectaculares y lonas.&nbsp;<\/p>\n\n\n\n<p class=\"wp-block-paragraph\">Participantes del programa interno del PAN han manifestado su intenci\u00f3n de contender por cargos de elecci\u00f3n popular.&nbsp;\u201cEl PAN cre\u00f3 una figura para hacer hoy lo que electoralmente todav\u00eda no corresponde hacer&#8221; y el IEEG tiene que investigar, se\u00f1al\u00f3 Yulma Rocha.&nbsp;<\/p>\n\n\n\n<p class=\"wp-block-paragraph\">Ante el IEEG fueron entregadas ropas que promocionan al coordinador de los diputados locales del PAN&nbsp;y aspirante a la alcald\u00eda de Le\u00f3n, Jorge Espadas Galv\u00e1n, con la frase &#8220;Espadas Presente&#8221;, as\u00ed como pruebas de los espectaculares que tiene en la ciudad de Le\u00f3n.&nbsp;<\/p>\n\n\n\n<p class=\"wp-block-paragraph\">Otro caso fue el del diputado local y aspirante a la alcald\u00eda de Irapuato, V\u00edctor Zanella, quien promociona su imagen abiertamente.&nbsp;\u201cCuando aparecen aspirantes, recorridos, propaganda, eventos y recursos de manera reiterada, ya no estamos hablando de coincidencias, estamos hablando de una estrategia&#8221;, se\u00f1al\u00f3 Rocha Aguilar.&nbsp;<\/p>\n\n\n\n<p class=\"wp-block-paragraph\">El IEEG debe indagar el origen, monto, destino y reporte de los recursos utilizados en espectaculares, lonas, propaganda, eventos, recorridos y materiales asociados con las actividades denunciadas, solicit\u00f3 la emecista.<\/p>\n\n\n\n<p class=\"wp-block-paragraph\">\u201cHay dinero circulando; los espectaculares cuestan, las lonas cuestan, los eventos cuestan. \u00bfQui\u00e9n est\u00e1 pagando esta precampa\u00f1a y c\u00f3mo est\u00e1 reportando esos recursos?&#8221;, cuestion\u00f3.&nbsp;<\/p>\n\n\n\n<p class=\"wp-block-paragraph\">En julio, el PAN de Guanajuato lanz\u00f3 el programa \u201cPersonas defensoras de la Patria, la Familia y la Libertad\u201d. El programa est\u00e1 dirigido a ciudadanos y militantes para que fortalezcan el trabajo territorial, la formaci\u00f3n c\u00edvica y la construcci\u00f3n de liderazgos sociales.&nbsp;<\/p>\n\n\n\n<p class=\"wp-block-paragraph\">El PAN afirma que no es vinculatorio con las candidaturas a las alcald\u00edas de Le\u00f3n, Guanajuato, Irapuato, Silao, San Francisco del Rinc\u00f3n, P\u00e9njamo, Salamanca, San Miguel de Allende y San Luis de la Paz.<\/p>\n\n\n\n<p class=\"wp-block-paragraph\">S\u00f3lo habr\u00e1 un defensor por municipio, el cual, a decir de algunos aspirantes, ser\u00e1 el abanderado de unidad en el PAN.&nbsp;En el caso de Le\u00f3n, el municipio m\u00e1s grande del estado, los tres aspirantes a ser defensores tambi\u00e9n buscan la candidatura a la alcald\u00eda.&nbsp;<\/p>\n\n\n\n<p class=\"wp-block-paragraph\">Los aspirantes son el l\u00edder de la bancada del PAN en el Congreso local, Jorge Espadas Galv\u00e1n; el diputado federal, Alan M\u00e1rquez Becerra; y el ex legislador y ex presidente municipal, Luis Ernesto Ayala Torres.<\/p>\n\n\n\n<p class=\"wp-block-paragraph\">Fuente: La <a href=\"https:\/\/www.jornada.com.mx\/noticia\/2026\/09\/01\/estados\/denuncian-al-pan-ante-el-instituto-electoral-de-guanajuato-por-actos-anticipados-de-campana\">Jornada<\/a><\/p>\n","protected":false},"excerpt":{"rendered":"<p>El Partido Acci\u00f3n Nacional (PAN), fue denunciado ante el Instituto Electoral del Estado de Guanajuato (IEEG), por actos anticipados de campa\u00f1a por posicionar a sus aspirantes a nueve alcald\u00edas con el programa \u201cDefensores de la Patria, la Familia y la Libertad\u201d. La coordinadora estatal de MC, Yulma Rocha Aguilar, tramit\u00f3 un Procedimiento Especial Sancionador contra [&hellip;]<\/p>\n","protected":false},"author":35,"featured_media":230781,"comment_status":"open","ping_status":"open","sticky":false,"template":"","format":"standard","meta":{"_monsterinsights_skip_tracking":false,"footnotes":""},"categories":[158],"tags":[284],"class_list":["post-230779","post","type-post","status-publish","format-standard","has-post-thumbnail","hentry","category-politica","tag-pan","wp-image-borders"],"amp_enabled":true,"_links":{"self":[{"href":"https:\/\/nvnoticias.mx\/index.php\/wp-json\/wp\/v2\/posts\/230779","targetHints":{"allow":["GET"]}}],"collection":[{"href":"https:\/\/nvnoticias.mx\/index.php\/wp-json\/wp\/v2\/posts"}],"about":[{"href":"https:\/\/nvnoticias.mx\/index.php\/wp-json\/wp\/v2\/types\/post"}],"author":[{"embeddable":true,"href":"https:\/\/nvnoticias.mx\/index.php\/wp-json\/wp\/v2\/users\/35"}],"replies":[{"embeddable":true,"href":"https:\/\/nvnoticias.mx\/index.php\/wp-json\/wp\/v2\/comments?post=230779"}],"version-history":[{"count":3,"href":"https:\/\/nvnoticias.mx\/index.php\/wp-json\/wp\/v2\/posts\/230779\/revisions"}],"predecessor-version":[{"id":230783,"href":"https:\/\/nvnoticias.mx\/index.php\/wp-json\/wp\/v2\/posts\/230779\/revisions\/230783"}],"wp:featuredmedia":[{"embeddable":true,"href":"https:\/\/nvnoticias.mx\/index.php\/wp-json\/wp\/v2\/media\/230781"}],"wp:attachment":[{"href":"https:\/\/nvnoticias.mx\/index.php\/wp-json\/wp\/v2\/media?parent=230779"}],"wp:term":[{"taxonomy":"category","embeddable":true,"href":"https:\/\/nvnoticias.mx\/index.php\/wp-json\/wp\/v2\/categories?post=230779"},{"taxonomy":"post_tag","embeddable":true,"href":"https:\/\/nvnoticias.mx\/index.php\/wp-json\/wp\/v2\/tags?post=230779"}],"curies":[{"name":"wp","href":"https:\/\/api.w.org\/{rel}","templated":true}]}}