{"id":230769,"date":"2026-09-01T09:43:58","date_gmt":"2026-09-01T15:43:58","guid":{"rendered":"https:\/\/nvnoticias.mx\/?p=230769"},"modified":"2026-09-01T09:44:04","modified_gmt":"2026-09-01T15:44:04","slug":"alito-en-veracruz-y-sus-alianzas-de-facto","status":"publish","type":"post","link":"https:\/\/nvnoticias.mx\/index.php\/2026\/09\/01\/alito-en-veracruz-y-sus-alianzas-de-facto\/","title":{"rendered":"Alito en Veracruz y sus alianzas de &#8220;facto&#8221;"},"content":{"rendered":"\n<p class=\"wp-block-paragraph\"><\/p>\n\n\n\n<p class=\"wp-block-paragraph\"><strong>Ricardo Chua<\/strong><\/p>\n\n\n\n<p class=\"wp-block-paragraph\">Si bien es cierto la visita de Alejandro Moreno C\u00e1rdenas &#8220;Alito&#8221;, dirigente nacional del PRI a Veracruz.. No &#8220;levant\u00f3&#8221; el &#8220;\u00e1mpula&#8221; deseada, menos las expectativas.. A diferencia de lo que logr\u00f3 Dante Delgado con Movimiento Ciudadano, el pasado s\u00e1bado.. Pero es un hecho que esa coincidencia de que estuvo dos d\u00edas despu\u00e9s de la declaraci\u00f3n de &#8220;guerra&#8221; de Dante en contra de MORENA y el gobierno de Veracruz..Hizo que el priista se &#8220;colgara&#8221; de esos eventos porque ya lo ten\u00eda agendado.. Para llamar a crear un Frente Opositor en Veracruz para las elecciones del 2027..<\/p>\n\n\n\n<p class=\"wp-block-paragraph\">Ya que es evidente que Moreno C\u00e1rdenas, est\u00e1 aprovechando la coyuntura pol\u00edtica de la reuni\u00f3n que tuvo Dante Delgado, con toda la estructura de Movimiento Ciudadano en Veracruz.. Que se espera, superen sus diferencias, y hagan su ALIANZA DE FACTO.. Que se dice est\u00e1n practicando en todos los estados del pa\u00eds, donde habr\u00e1 elecciones a gobernador.. Para a&#8221;arrebatarle&#8221; el poder pol\u00edtico a MORENA en la mayor\u00eda de las entidades.. Y sobre todo en estados donde la oposici\u00f3n tenga posibilidades de ganar el proceso electoral..<\/p>\n\n\n\n<p class=\"wp-block-paragraph\">Sobre todo bas\u00e1ndose en las encuestas o sondeos, que se realizan en cada entidad donde habr\u00e1 elecciones locales.. Ya que seg\u00fan estas estad\u00edsticas, la oposici\u00f3n en M\u00e9xico se puede quedar con el poder pol\u00edtico, en al menos, 8 de los 17 estados donde habr\u00e1 esta participaci\u00f3n.. Lo cual ser\u00eda un gran resultado para ellos.. Ya que como ejemplo, si el PRI ayuda a Movimiento Ciudadano a ganar Campeche.. S\u00f3lo as\u00ed ganar\u00eda el Estado.. Es un hecho que ser\u00eda un acuerdo porque ambos dirigentes nacionales del partido, hasta hace unos meses, ni se &#8220;fumaban&#8221;..<\/p>\n\n\n\n<p class=\"wp-block-paragraph\">El problema es Nuevo Le\u00f3n.. Donde el PRI y PAN, cada quien por su lado, le pueden quitar el poder a MC y quedarse con esa gubernatura.. Misma que los &#8220;naranjas&#8221; est\u00e1n peleando hasta con los &#8220;dientes&#8221; para poderla retener.. Por eso, lo de ayer lunes fue una coyuntura pol\u00edtica aprovechada por &#8220;Alito&#8221; Moreno.. Ya que el campechano, si quiere &#8220;meterle ruido&#8221; a la gobernadora de Veracruz Roc\u00edo Nahle Garc\u00eda.. Y sumarse al &#8220;golpeteo&#8221; en su contra, como una forma de que sienta el poder pol\u00edtico de la presi\u00f3n.. No hay de otra..<\/p>\n\n\n\n<p class=\"wp-block-paragraph\">Lo que finalmente le sirvi\u00f3 a &#8220;Alito&#8221;, es que con esos ataques.. Pudo hacer p\u00fablico, que logr\u00f3 RETENER FIGURAS como Pepe Yunes.. Para que \u00e9l pueda decir como dirigente nacional, que el PRI est\u00e1 vivo y que todav\u00eda cuenta esas figuras como el perote\u00f1o en sus filas.. Ya que si se les va Yunes Zorrilla, el PRI perder\u00eda, lo que en este momento les significa a los priistas, el principal activo pol\u00edtico que tienen en Veracruz.. Sin Pepe en su partido, el PRI ya no tendr\u00eda figuras. Y &#8220;Alito&#8221; no tendr\u00eda un candidato fuerte al 2030 en el Estado..<\/p>\n\n\n\n<p class=\"wp-block-paragraph\">En pocas palabras, Alito Moreno vino a Veracruz, sin figuras pol\u00edticas con las cuales presumir a la sociedad, por eso le dio la &#8220;mano&#8221; a Pepe Yunes porque este es el \u00faltimo y \u00fanico reducto que le queda al priismo para ir por la gubernatura del 2030.. Sin \u00e9l, el priismo no tiene una figura en la entidad.. Todos se han ido y poco a poco lo que impuso Moreno C\u00e1rdenas en Veracruz, est\u00e1n dejando solo al partido.. Quiz\u00e1s por ello, es que ocup\u00f3 la &#8220;cl\u00e1sica&#8221;.. De venir a acusar a Roc\u00edo Nahle y se\u00f1alarla de todo lo que pasa en el Estado.. Habr\u00e1 que ver que &#8220;eco&#8221; tienen sus declaraciones.. AMEN..<\/p>\n\n\n\n<p class=\"wp-block-paragraph\">OJO.. Aqu\u00ed lo interesante ser\u00e1 saber.. Si Pepe Yunes conf\u00eda en lo que le dice &#8220;Alito&#8221;.. Si cree que no le va a &#8220;estorbar&#8221; para lograr un Frente Opositor en 2030.. Pero sobre todo si el PRI le &#8220;prestar\u00e1&#8221; a sus pocos operadores que le quedan, para conformarla.. Ya que la otra opci\u00f3n ser\u00eda, que Pepe mande a &#8220;fre\u00edr esp\u00e1rragos&#8221; a &#8220;Alito&#8221;, le aplique una &#8220;fideli\u00f1a&#8221; y el prepare la formaci\u00f3n del Frente con la militancia priista.. Pero sin &#8220;Alito&#8221; Moreno y Adolfo Ram\u00edrez Arana, alias &#8220;Fofo&#8221;.. Ya que Alito fue el principal personaje, que se opuso a que Pepe fuera el candidato en 2024.. Ya todos est\u00e1n muy &#8220;grandecitos&#8221; para &#8220;creer&#8221; en los Santos Reyes..<\/p>\n\n\n\n<p class=\"wp-block-paragraph\">JAVIER HERRERA, EL OTRO PODER EN SAN L\u00c1ZARO..<\/p>\n\n\n\n<p class=\"wp-block-paragraph\">El grupo pol\u00edtico al que pertenece el diputado federal del PVEM, Javier Herrera Borunda.. Ya se fortaleci\u00f3 dentro de la 4T desde la c\u00e1mara baja del Congreso de la Uni\u00f3n.. Todo debido a que con la llegada de Ra\u00fal Bola\u00f1os Cacho, a la presidencia de la Mesa Directiva de &#8220;San L\u00e1zaro&#8221;.. Provoca reacomodos pol\u00edticos dentro del Movimiento.. Primero que nada el &#8220;Verde&#8221; gana fuerza en esta coalici\u00f3n con MORENA y PT.. Manejar\u00e1n la c\u00e1mara de diputados.. Pero sobre todo, los acuerdos son que todas las candidaturas que encabece el PVEM en el pa\u00eds para la elecci\u00f3n federal del 2027, ser\u00e1n respetadas..<\/p>\n\n\n\n<p class=\"wp-block-paragraph\">Obvio es que la llegada de Bola\u00f1os Cacho fue aprobada en Palacio Nacional.. Y el principal encargado de la operaci\u00f3n junto con Manuel Velasco fue Javier Herrera.. Quien se encarg\u00f3 de &#8220;placear&#8221; a uno de sus mejores amigos y aliados de su bancada, que es Ra\u00fal Bola\u00f1os, en las oficinas de la Presidencia de la Rep\u00fablica.. Con ello, queda claro que Herrera Borunda viene por la reelecci\u00f3n por el distrito de Cosamaloapan a legislador federal.. Ya que su nombre fue &#8220;palomeado&#8221; por la mujer m\u00e1s poderosa del pa\u00eds.. Y la llegada de Ra\u00fal Bola\u00f1os a la Presidencia en la c\u00e1mara de diputados federales, as\u00ed lo demuestra.. AMEN Y EL QUE LO ENTENDI\u00d3, PUES, LO ENTENDI\u00d3..<\/p>\n","protected":false},"excerpt":{"rendered":"<p>Ricardo Chua Si bien es cierto la visita de Alejandro Moreno C\u00e1rdenas &#8220;Alito&#8221;, dirigente nacional del PRI a Veracruz.. No &#8220;levant\u00f3&#8221; el &#8220;\u00e1mpula&#8221; deseada, menos las expectativas.. A diferencia de lo que logr\u00f3 Dante Delgado con Movimiento Ciudadano, el pasado s\u00e1bado.. Pero es un hecho que esa coincidencia de que estuvo dos d\u00edas despu\u00e9s de [&hellip;]<\/p>\n","protected":false},"author":29,"featured_media":230770,"comment_status":"open","ping_status":"open","sticky":false,"template":"","format":"standard","meta":{"_monsterinsights_skip_tracking":false,"footnotes":""},"categories":[245],"tags":[327],"class_list":["post-230769","post","type-post","status-publish","format-standard","has-post-thumbnail","hentry","category-dialogos-de-poder","tag-ricardo-chua","wp-image-borders"],"amp_enabled":true,"_links":{"self":[{"href":"https:\/\/nvnoticias.mx\/index.php\/wp-json\/wp\/v2\/posts\/230769","targetHints":{"allow":["GET"]}}],"collection":[{"href":"https:\/\/nvnoticias.mx\/index.php\/wp-json\/wp\/v2\/posts"}],"about":[{"href":"https:\/\/nvnoticias.mx\/index.php\/wp-json\/wp\/v2\/types\/post"}],"author":[{"embeddable":true,"href":"https:\/\/nvnoticias.mx\/index.php\/wp-json\/wp\/v2\/users\/29"}],"replies":[{"embeddable":true,"href":"https:\/\/nvnoticias.mx\/index.php\/wp-json\/wp\/v2\/comments?post=230769"}],"version-history":[{"count":1,"href":"https:\/\/nvnoticias.mx\/index.php\/wp-json\/wp\/v2\/posts\/230769\/revisions"}],"predecessor-version":[{"id":230771,"href":"https:\/\/nvnoticias.mx\/index.php\/wp-json\/wp\/v2\/posts\/230769\/revisions\/230771"}],"wp:featuredmedia":[{"embeddable":true,"href":"https:\/\/nvnoticias.mx\/index.php\/wp-json\/wp\/v2\/media\/230770"}],"wp:attachment":[{"href":"https:\/\/nvnoticias.mx\/index.php\/wp-json\/wp\/v2\/media?parent=230769"}],"wp:term":[{"taxonomy":"category","embeddable":true,"href":"https:\/\/nvnoticias.mx\/index.php\/wp-json\/wp\/v2\/categories?post=230769"},{"taxonomy":"post_tag","embeddable":true,"href":"https:\/\/nvnoticias.mx\/index.php\/wp-json\/wp\/v2\/tags?post=230769"}],"curies":[{"name":"wp","href":"https:\/\/api.w.org\/{rel}","templated":true}]}}