{"id":230755,"date":"2026-08-31T14:49:14","date_gmt":"2026-08-31T20:49:14","guid":{"rendered":"https:\/\/nvnoticias.mx\/?p=230755"},"modified":"2026-08-31T14:49:21","modified_gmt":"2026-08-31T20:49:21","slug":"cuestionan-postura-del-alcalde-de-medellin-sobre-beneficios-de-grupo-mas","status":"publish","type":"post","link":"https:\/\/nvnoticias.mx\/index.php\/2026\/08\/31\/cuestionan-postura-del-alcalde-de-medellin-sobre-beneficios-de-grupo-mas\/","title":{"rendered":"Cuestionan postura del alcalde de Medell\u00edn sobre beneficios de Grupo MAS"},"content":{"rendered":"\n<p class=\"wp-block-paragraph\"><\/p>\n\n\n\n<p class=\"wp-block-paragraph\"><strong>Jes\u00fas Utrilla \/ NV Noticias <\/strong><\/p>\n\n\n\n<p class=\"wp-block-paragraph\">El presidente de la asociaci\u00f3n Casa Zapata, Pedro rivera Garc\u00eda , cuestion\u00f3 las declaraciones del alcalde de Medell\u00edn de Bravo, Samuel Acosta Mart\u00ednez, sobre los beneficios que presuntamente otorgar\u00e1 Grupo MAS a habitantes de ese municipio y consider\u00f3 que el edil desconoce la problem\u00e1tica que enfrenta la poblaci\u00f3n en materia de agua potable.<\/p>\n\n\n\n<p class=\"wp-block-paragraph\">El se\u00f1alamiento surgi\u00f3 luego de que el alcalde difundiera en redes sociales una serie de beneficios y descuentos que, seg\u00fan inform\u00f3, ser\u00edan otorgados por el organismo operador a usuarios de Medell\u00edn de Bravo, municipio donde habitantes han expresado durante a\u00f1os inconformidades por la calidad y el suministro del agua.<\/p>\n\n\n\n<p class=\"wp-block-paragraph\">\u201cCon todo el respeto para el alcalde de Medell\u00edn, pero lo \u00fanico que demuestra es una gran ignorancia sobre el tema, no lo conoce, no lo sabe\u201d, afirm\u00f3 el dirigente de Casa Zapata.<\/p>\n\n\n\n<p class=\"wp-block-paragraph\">Record\u00f3 que anteriores autoridades municipales, entre ellas el exalcalde Marcos Isle\u00f1o, tambi\u00e9n manifestaron p\u00fablicamente su desacuerdo con la forma en que opera Grupo MAS, particularmente por las condiciones en que se presta el servicio a los habitantes de Medell\u00edn.<\/p>\n\n\n\n<p class=\"wp-block-paragraph\">El presidente de Casa Zapata consider\u00f3 que la situaci\u00f3n del agua deber\u00eda ser un asunto prioritario para Samuel Acosta, debido a que la calidad del l\u00edquido est\u00e1 directamente relacionada con la salud de la poblaci\u00f3n y, por tanto, representa una responsabilidad de las autoridades municipales.<\/p>\n\n\n\n<p class=\"wp-block-paragraph\">\u201cLo que debe de obtener es que haya agua potable para los de Medell\u00edn y no los descuentos\u201d, sostuvo.<\/p>\n\n\n\n<p class=\"wp-block-paragraph\">Finalmente, afirm\u00f3 que el alcalde no se ha acercado a la organizaci\u00f3n para conocer de primera mano la problem\u00e1tica relacionada con Grupo MAS y se\u00f1al\u00f3 que ser\u00e1n los propios ciudadanos quienes, en su momento, determinen las acciones que consideren necesarias ante la postura asumida por el Ayuntamiento.<\/p>\n","protected":false},"excerpt":{"rendered":"<p>Jes\u00fas Utrilla \/ NV Noticias El presidente de la asociaci\u00f3n Casa Zapata, Pedro rivera Garc\u00eda , cuestion\u00f3 las declaraciones del alcalde de Medell\u00edn de Bravo, Samuel Acosta Mart\u00ednez, sobre los beneficios que presuntamente otorgar\u00e1 Grupo MAS a habitantes de ese municipio y consider\u00f3 que el edil desconoce la problem\u00e1tica que enfrenta la poblaci\u00f3n en materia [&hellip;]<\/p>\n","protected":false},"author":8,"featured_media":150460,"comment_status":"open","ping_status":"open","sticky":false,"template":"","format":"standard","meta":{"_monsterinsights_skip_tracking":false,"footnotes":""},"categories":[154],"tags":[6965,2217],"class_list":["post-230755","post","type-post","status-publish","format-standard","has-post-thumbnail","hentry","category-veracruz","tag-grupo-mas-2","tag-medellin-de-bravo","wp-image-borders"],"amp_enabled":true,"_links":{"self":[{"href":"https:\/\/nvnoticias.mx\/index.php\/wp-json\/wp\/v2\/posts\/230755","targetHints":{"allow":["GET"]}}],"collection":[{"href":"https:\/\/nvnoticias.mx\/index.php\/wp-json\/wp\/v2\/posts"}],"about":[{"href":"https:\/\/nvnoticias.mx\/index.php\/wp-json\/wp\/v2\/types\/post"}],"author":[{"embeddable":true,"href":"https:\/\/nvnoticias.mx\/index.php\/wp-json\/wp\/v2\/users\/8"}],"replies":[{"embeddable":true,"href":"https:\/\/nvnoticias.mx\/index.php\/wp-json\/wp\/v2\/comments?post=230755"}],"version-history":[{"count":1,"href":"https:\/\/nvnoticias.mx\/index.php\/wp-json\/wp\/v2\/posts\/230755\/revisions"}],"predecessor-version":[{"id":230756,"href":"https:\/\/nvnoticias.mx\/index.php\/wp-json\/wp\/v2\/posts\/230755\/revisions\/230756"}],"wp:featuredmedia":[{"embeddable":true,"href":"https:\/\/nvnoticias.mx\/index.php\/wp-json\/wp\/v2\/media\/150460"}],"wp:attachment":[{"href":"https:\/\/nvnoticias.mx\/index.php\/wp-json\/wp\/v2\/media?parent=230755"}],"wp:term":[{"taxonomy":"category","embeddable":true,"href":"https:\/\/nvnoticias.mx\/index.php\/wp-json\/wp\/v2\/categories?post=230755"},{"taxonomy":"post_tag","embeddable":true,"href":"https:\/\/nvnoticias.mx\/index.php\/wp-json\/wp\/v2\/tags?post=230755"}],"curies":[{"name":"wp","href":"https:\/\/api.w.org\/{rel}","templated":true}]}}