{"id":230752,"date":"2026-08-31T14:45:58","date_gmt":"2026-08-31T20:45:58","guid":{"rendered":"https:\/\/nvnoticias.mx\/?p=230752"},"modified":"2026-08-31T14:46:04","modified_gmt":"2026-08-31T20:46:04","slug":"concluye-operativo-de-verano-de-la-marina-en-playas-de-veracruz","status":"publish","type":"post","link":"https:\/\/nvnoticias.mx\/index.php\/2026\/08\/31\/concluye-operativo-de-verano-de-la-marina-en-playas-de-veracruz\/","title":{"rendered":"Concluye operativo de verano de la Marina en playas de Veracruz"},"content":{"rendered":"\n<p class=\"wp-block-paragraph\"><\/p>\n\n\n\n<p class=\"wp-block-paragraph\"><strong>Jes\u00fas Utrilla \/ NV Noticias <\/strong><\/p>\n\n\n\n<p class=\"wp-block-paragraph\">Con m\u00e1s de 200 elementos desplegados en las principales zonas tur\u00edsticas de la conurbaci\u00f3n, la Secretar\u00eda de Marina concluy\u00f3 el operativo de seguridad implementado durante la temporada vacacional de verano en las costas de Veracruz.<\/p>\n\n\n\n<p class=\"wp-block-paragraph\">A trav\u00e9s de la Primera Regi\u00f3n Naval, la dependencia inform\u00f3 que la \u201cOperaci\u00f3n Salvavidas Verano 2026\u201d se desarroll\u00f3 del 30 de julio al 30 de agosto en playas de Veracruz, Boca del R\u00edo y Alvarado, con el objetivo de prevenir accidentes y brindar atenci\u00f3n inmediata a los visitantes.<\/p>\n\n\n\n<p class=\"wp-block-paragraph\">Para estas labores fueron asignados 211 elementos navales, adem\u00e1s de tres embarcaciones menores y 11 unidades terrestres utilizadas para reforzar los recorridos de vigilancia y las acciones de rescate.<\/p>\n\n\n\n<p class=\"wp-block-paragraph\">El despliegue tambi\u00e9n incluy\u00f3 9 puestos de vigilancia, donde personal salvavidas y de Sanidad Naval proporcion\u00f3 primeros auxilios a personas que lo necesitaron durante su estancia en las zonas de playa.<\/p>\n\n\n\n<p class=\"wp-block-paragraph\">En el operativo participaron elementos especializados de la Estaci\u00f3n Naval de B\u00fasqueda, Rescate y Vigilancia Mar\u00edtima de Veracruz, quienes atendieron llamados de auxilio relacionados con situaciones de riesgo en el mar.<\/p>\n\n\n\n<p class=\"wp-block-paragraph\">La Marina destac\u00f3 que las acciones se realizaron de manera coordinada con autoridades de Protecci\u00f3n Civil y los tres niveles de gobierno, como parte de las labores de la Armada de M\u00e9xico en funciones de Guardia Costera.<\/p>\n\n\n\n<p class=\"wp-block-paragraph\">La Primera Regi\u00f3n Naval mantendr\u00e1 disponibles los tel\u00e9fonos 297 956 0221 y 220 770 9284 para emergencias en el mar, mientras que la l\u00ednea nacional de la Secretar\u00eda de Marina es el 800 627 4621, correspondiente a 800 MARINA 1.<\/p>\n","protected":false},"excerpt":{"rendered":"<p>Jes\u00fas Utrilla \/ NV Noticias Con m\u00e1s de 200 elementos desplegados en las principales zonas tur\u00edsticas de la conurbaci\u00f3n, la Secretar\u00eda de Marina concluy\u00f3 el operativo de seguridad implementado durante la temporada vacacional de verano en las costas de Veracruz. A trav\u00e9s de la Primera Regi\u00f3n Naval, la dependencia inform\u00f3 que la \u201cOperaci\u00f3n Salvavidas Verano [&hellip;]<\/p>\n","protected":false},"author":8,"featured_media":230753,"comment_status":"open","ping_status":"open","sticky":false,"template":"","format":"standard","meta":{"_monsterinsights_skip_tracking":false,"footnotes":""},"categories":[154],"tags":[5605,290,2158],"class_list":["post-230752","post","type-post","status-publish","format-standard","has-post-thumbnail","hentry","category-veracruz","tag-marina","tag-operativo","tag-vacaciones","wp-image-borders"],"amp_enabled":true,"_links":{"self":[{"href":"https:\/\/nvnoticias.mx\/index.php\/wp-json\/wp\/v2\/posts\/230752","targetHints":{"allow":["GET"]}}],"collection":[{"href":"https:\/\/nvnoticias.mx\/index.php\/wp-json\/wp\/v2\/posts"}],"about":[{"href":"https:\/\/nvnoticias.mx\/index.php\/wp-json\/wp\/v2\/types\/post"}],"author":[{"embeddable":true,"href":"https:\/\/nvnoticias.mx\/index.php\/wp-json\/wp\/v2\/users\/8"}],"replies":[{"embeddable":true,"href":"https:\/\/nvnoticias.mx\/index.php\/wp-json\/wp\/v2\/comments?post=230752"}],"version-history":[{"count":1,"href":"https:\/\/nvnoticias.mx\/index.php\/wp-json\/wp\/v2\/posts\/230752\/revisions"}],"predecessor-version":[{"id":230754,"href":"https:\/\/nvnoticias.mx\/index.php\/wp-json\/wp\/v2\/posts\/230752\/revisions\/230754"}],"wp:featuredmedia":[{"embeddable":true,"href":"https:\/\/nvnoticias.mx\/index.php\/wp-json\/wp\/v2\/media\/230753"}],"wp:attachment":[{"href":"https:\/\/nvnoticias.mx\/index.php\/wp-json\/wp\/v2\/media?parent=230752"}],"wp:term":[{"taxonomy":"category","embeddable":true,"href":"https:\/\/nvnoticias.mx\/index.php\/wp-json\/wp\/v2\/categories?post=230752"},{"taxonomy":"post_tag","embeddable":true,"href":"https:\/\/nvnoticias.mx\/index.php\/wp-json\/wp\/v2\/tags?post=230752"}],"curies":[{"name":"wp","href":"https:\/\/api.w.org\/{rel}","templated":true}]}}