{"id":230751,"date":"2026-09-01T10:35:24","date_gmt":"2026-09-01T16:35:24","guid":{"rendered":"https:\/\/nvnoticias.mx\/?p=230751"},"modified":"2026-09-01T10:35:31","modified_gmt":"2026-09-01T16:35:31","slug":"ramirez-bedolla-agradece-a-sheinbaum-por-el-plan-michoacan-por-la-paz-y-la-justicia","status":"publish","type":"post","link":"https:\/\/nvnoticias.mx\/index.php\/2026\/09\/01\/ramirez-bedolla-agradece-a-sheinbaum-por-el-plan-michoacan-por-la-paz-y-la-justicia\/","title":{"rendered":"Ram\u00edrez Bedolla agradece a Sheinbaum por el Plan Michoac\u00e1n por la Paz y la Justicia"},"content":{"rendered":"\n<p class=\"wp-block-paragraph\">A dos a\u00f1os del inicio del Gobierno de la presidenta Claudia Sheinbaum Pardo, Michoac\u00e1n se ha visto fortalecido con una inversi\u00f3n superior a los 58 mil 248 millones de pesos destinada a infraestructura, conectividad, educaci\u00f3n y desarrollo regional. \u201cEstos resultados reflejan el compromiso de la presidenta Claudia Sheinbaum con Michoac\u00e1n. Agradecemos su respaldo y la visi\u00f3n de impulsar obras que durante muchos a\u00f1os fueron necesarias para nuestro estado y que hoy comienzan a convertirse en una realidad\u201d, asegur\u00f3 el gobernador Alfredo Ram\u00edrez Bedolla.&nbsp;<\/p>\n\n\n\n<p class=\"wp-block-paragraph\">Previo al Segundo Informe de Gobierno de la presidenta de M\u00e9xico, el mandatario estatal reconoci\u00f3 las acciones, particularmente a trav\u00e9s del Plan Michoac\u00e1n por la Paz y la Justicia, que ha permitido consolidar el desarrollo econ\u00f3mico, al hacer un balance de los proyectos de mayor impacto.&nbsp;<\/p>\n\n\n\n<p class=\"wp-block-paragraph\">El mandatario estatal destac\u00f3 que el paquete de obras prioriza la modernizaci\u00f3n de tramos carreteros estrat\u00e9gicos, la conectividad regional, la atenci\u00f3n a caminos comunitarios y el fortalecimiento de la infraestructura educativa en beneficio de los michoacanos.&nbsp;<\/p>\n\n\n\n<p class=\"wp-block-paragraph\">Dentro de esta bolsa de recursos, Ram\u00edrez Bedolla precis\u00f3 que se destinan 43 mil 916 millones de pesos para la ejecuci\u00f3n de seis obras de gran calado que impulsan el perfil log\u00edstico y agroexportador del estado, como es la ampliaci\u00f3n de tres tramos de la Autopista Siglo XXI para conectar de manera continua desde P\u00e1tzcuaro hasta el Puerto de L\u00e1zaro C\u00e1rdenas.&nbsp;<\/p>\n\n\n\n<p class=\"wp-block-paragraph\">As\u00ed como el nuevo Ramal de acceso a Uruapan, la autopista de la agroexportaci\u00f3n, que permitir\u00e1 una conexi\u00f3n directa entre Uruapan y Zamora, as\u00ed como la autopista libre de peaje entre Maravat\u00edo y Zit\u00e1cuaro.&nbsp;<\/p>\n\n\n\n<p class=\"wp-block-paragraph\">En materia de conservaci\u00f3n y modernizaci\u00f3n vial, el gobernador detall\u00f3 que mediante 223 acciones se han intervenido 6 mil 454 kil\u00f3metros de carreteras estatales y federales.&nbsp;<\/p>\n\n\n\n<p class=\"wp-block-paragraph\">Para dar continuidad a estas labores, entre este y el pr\u00f3ximo a\u00f1o se destinar\u00e1n 7 mil 500 millones de pesos.Asimismo, enfatiz\u00f3 que este a\u00f1o se encuentran en ejecuci\u00f3n 3 mil 917 millones de pesos aplicados en pavimentaci\u00f3n, mantenimiento de caminos rurales y en las acciones del programa Megabachet\u00f3n.&nbsp;<\/p>\n\n\n\n<p class=\"wp-block-paragraph\">A la par, se invierten mil 071 millones de pesos en la construcci\u00f3n de 54 caminos artesanales distribuidos en 24 municipios, alcanzando una meta de 164 kil\u00f3metros pavimentados por las propias comunidades.&nbsp;<\/p>\n\n\n\n<p class=\"wp-block-paragraph\">En el rubro educativo, se aplicaron mil 844 millones de pesos para obras en educaci\u00f3n b\u00e1sica, media superior y superior, dijo.<\/p>\n\n\n\n<p class=\"wp-block-paragraph\">Fuente: La <a href=\"https:\/\/www.jornada.com.mx\/noticia\/2026\/09\/01\/estados\/ramirez-bedolla-agradece-a-sheinbaum-por-el-plan-michoacan-por-la-paz-y-la-justicia\">Jornada<\/a><\/p>\n","protected":false},"excerpt":{"rendered":"<p>A dos a\u00f1os del inicio del Gobierno de la presidenta Claudia Sheinbaum Pardo, Michoac\u00e1n se ha visto fortalecido con una inversi\u00f3n superior a los 58 mil 248 millones de pesos destinada a infraestructura, conectividad, educaci\u00f3n y desarrollo regional. \u201cEstos resultados reflejan el compromiso de la presidenta Claudia Sheinbaum con Michoac\u00e1n. Agradecemos su respaldo y la [&hellip;]<\/p>\n","protected":false},"author":35,"featured_media":230773,"comment_status":"open","ping_status":"open","sticky":false,"template":"","format":"standard","meta":{"_monsterinsights_skip_tracking":false,"footnotes":""},"categories":[158],"tags":[2801,27747],"class_list":["post-230751","post","type-post","status-publish","format-standard","has-post-thumbnail","hentry","category-politica","tag-claudia-sheinbaum","tag-ramirez-bedolla","wp-image-borders"],"amp_enabled":true,"_links":{"self":[{"href":"https:\/\/nvnoticias.mx\/index.php\/wp-json\/wp\/v2\/posts\/230751","targetHints":{"allow":["GET"]}}],"collection":[{"href":"https:\/\/nvnoticias.mx\/index.php\/wp-json\/wp\/v2\/posts"}],"about":[{"href":"https:\/\/nvnoticias.mx\/index.php\/wp-json\/wp\/v2\/types\/post"}],"author":[{"embeddable":true,"href":"https:\/\/nvnoticias.mx\/index.php\/wp-json\/wp\/v2\/users\/35"}],"replies":[{"embeddable":true,"href":"https:\/\/nvnoticias.mx\/index.php\/wp-json\/wp\/v2\/comments?post=230751"}],"version-history":[{"count":4,"href":"https:\/\/nvnoticias.mx\/index.php\/wp-json\/wp\/v2\/posts\/230751\/revisions"}],"predecessor-version":[{"id":230776,"href":"https:\/\/nvnoticias.mx\/index.php\/wp-json\/wp\/v2\/posts\/230751\/revisions\/230776"}],"wp:featuredmedia":[{"embeddable":true,"href":"https:\/\/nvnoticias.mx\/index.php\/wp-json\/wp\/v2\/media\/230773"}],"wp:attachment":[{"href":"https:\/\/nvnoticias.mx\/index.php\/wp-json\/wp\/v2\/media?parent=230751"}],"wp:term":[{"taxonomy":"category","embeddable":true,"href":"https:\/\/nvnoticias.mx\/index.php\/wp-json\/wp\/v2\/categories?post=230751"},{"taxonomy":"post_tag","embeddable":true,"href":"https:\/\/nvnoticias.mx\/index.php\/wp-json\/wp\/v2\/tags?post=230751"}],"curies":[{"name":"wp","href":"https:\/\/api.w.org\/{rel}","templated":true}]}}