{"id":230746,"date":"2026-08-31T14:32:49","date_gmt":"2026-08-31T20:32:49","guid":{"rendered":"https:\/\/nvnoticias.mx\/?p=230746"},"modified":"2026-08-31T14:32:56","modified_gmt":"2026-08-31T20:32:56","slug":"gustavo-petro-de-visita-en-cdmx-se-reune-con-comunidad-colombiana-con-paco-ignacio-taibo-ii-y-paloma-saiz","status":"publish","type":"post","link":"https:\/\/nvnoticias.mx\/index.php\/2026\/08\/31\/gustavo-petro-de-visita-en-cdmx-se-reune-con-comunidad-colombiana-con-paco-ignacio-taibo-ii-y-paloma-saiz\/","title":{"rendered":"Gustavo Petro, de visita en CDMX, se re\u00fane con comunidad colombiana, con Paco Ignacio Taibo II y Paloma Saiz"},"content":{"rendered":"\n<p class=\"wp-block-paragraph\">El ex presidente de Colombia, Gustavo Petro, se encuentra de visita en la Ciudad de M\u00e9xico donde se reuni\u00f3 con integrantes de la comunidad colombiana en nuestro pa\u00eds, as\u00ed como con Paco Ignacio Taibo y Paloma Saiz.&nbsp;<\/p>\n\n\n\n<p class=\"wp-block-paragraph\">En sus redes sociales, el ex mandatario de la naci\u00f3n sudamericana inform\u00f3 de esta visita y comparti\u00f3 fotograf\u00edas junto al director del Fondo de Cultura Econ\u00f3mica y la titular de la Feria Internacional del Libro del Z\u00f3calo.&nbsp;<\/p>\n\n\n\n<p class=\"wp-block-paragraph\">\u201cEstoy en Ciudad de M\u00e9xico, en donde mi primer encuentro fue con colombianas y colombianos que salieron corriendo a abrazarme y ahora estoy en mi segundo encuentro. Aqu\u00ed en reuni\u00f3n con el historiador, escritor y director del Fondo de Cultura Econ\u00f3mica a nivel mundial, Paco Ignacio Taibo, y su esposa Paloma Saiz, directora de la feria internacional del libro del Z\u00f3calo de Ciudad de M\u00e9xico\u201d.&nbsp;<\/p>\n\n\n\n<p class=\"wp-block-paragraph\">Petro dijo que acord\u00f3 la edici\u00f3n en espa\u00f1ol de su libro &#8220;Econom\u00eda Pol\u00edtica de la Crisis Clim\u00e1tica\u201d, para su distribuci\u00f3n en las naciones de habla hispana. \u201cM\u00e1s tarde veremos &nbsp;con mis derechos de autor, en otras lenguas\u201d.<\/p>\n\n\n\n<p class=\"wp-block-paragraph\">Fuente: La <a href=\"https:\/\/www.jornada.com.mx\/noticia\/2026\/08\/31\/politica\/gustavo-petro-de-visita-en-cdmx-se-reune-con-comunidad-colombiana-asi-como-con-taibo-ii-y-paloma-saiz\">Jornada<\/a><\/p>\n","protected":false},"excerpt":{"rendered":"<p>El ex presidente de Colombia, Gustavo Petro, se encuentra de visita en la Ciudad de M\u00e9xico donde se reuni\u00f3 con integrantes de la comunidad colombiana en nuestro pa\u00eds, as\u00ed como con Paco Ignacio Taibo y Paloma Saiz.&nbsp; En sus redes sociales, el ex mandatario de la naci\u00f3n sudamericana inform\u00f3 de esta visita y comparti\u00f3 fotograf\u00edas [&hellip;]<\/p>\n","protected":false},"author":35,"featured_media":230748,"comment_status":"open","ping_status":"open","sticky":false,"template":"","format":"standard","meta":{"_monsterinsights_skip_tracking":false,"footnotes":""},"categories":[158],"tags":[16208],"class_list":["post-230746","post","type-post","status-publish","format-standard","has-post-thumbnail","hentry","category-politica","tag-gustavo-petro","wp-image-borders"],"amp_enabled":true,"_links":{"self":[{"href":"https:\/\/nvnoticias.mx\/index.php\/wp-json\/wp\/v2\/posts\/230746","targetHints":{"allow":["GET"]}}],"collection":[{"href":"https:\/\/nvnoticias.mx\/index.php\/wp-json\/wp\/v2\/posts"}],"about":[{"href":"https:\/\/nvnoticias.mx\/index.php\/wp-json\/wp\/v2\/types\/post"}],"author":[{"embeddable":true,"href":"https:\/\/nvnoticias.mx\/index.php\/wp-json\/wp\/v2\/users\/35"}],"replies":[{"embeddable":true,"href":"https:\/\/nvnoticias.mx\/index.php\/wp-json\/wp\/v2\/comments?post=230746"}],"version-history":[{"count":3,"href":"https:\/\/nvnoticias.mx\/index.php\/wp-json\/wp\/v2\/posts\/230746\/revisions"}],"predecessor-version":[{"id":230750,"href":"https:\/\/nvnoticias.mx\/index.php\/wp-json\/wp\/v2\/posts\/230746\/revisions\/230750"}],"wp:featuredmedia":[{"embeddable":true,"href":"https:\/\/nvnoticias.mx\/index.php\/wp-json\/wp\/v2\/media\/230748"}],"wp:attachment":[{"href":"https:\/\/nvnoticias.mx\/index.php\/wp-json\/wp\/v2\/media?parent=230746"}],"wp:term":[{"taxonomy":"category","embeddable":true,"href":"https:\/\/nvnoticias.mx\/index.php\/wp-json\/wp\/v2\/categories?post=230746"},{"taxonomy":"post_tag","embeddable":true,"href":"https:\/\/nvnoticias.mx\/index.php\/wp-json\/wp\/v2\/tags?post=230746"}],"curies":[{"name":"wp","href":"https:\/\/api.w.org\/{rel}","templated":true}]}}