{"id":230738,"date":"2026-08-31T14:20:23","date_gmt":"2026-08-31T20:20:23","guid":{"rendered":"https:\/\/nvnoticias.mx\/?p=230738"},"modified":"2026-08-31T14:20:37","modified_gmt":"2026-08-31T20:20:37","slug":"abaten-a-r5%e2%80%b2-lider-del-cartel-de-los-reyes-en-michoacan","status":"publish","type":"post","link":"https:\/\/nvnoticias.mx\/index.php\/2026\/08\/31\/abaten-a-r5%e2%80%b2-lider-del-cartel-de-los-reyes-en-michoacan\/","title":{"rendered":"Abaten a \u2018R5\u2032, l\u00edder del C\u00e1rtel de los Reyes en Michoac\u00e1n"},"content":{"rendered":"\n<p class=\"wp-block-paragraph\">Luis Enrique Barrag\u00e1n Ch\u00e1vez, alias \u2018R5\u2032 o \u2018El Wicho\u2032\u00a0y jefe de una facci\u00f3n de C\u00e1rteles Unidos, fue abatido en un operativo de fuerzas federales en Los Reyes, Michoac\u00e1n, este lunes 31 de agosto.<\/p>\n\n\n\n<p class=\"wp-block-paragraph\"><strong>Alfredo Ram\u00edrez Bedolla<\/strong>, gobernador de Michoac\u00e1n, dijo que hubo un enfrentamiento en la zona y que las autoridades estaba a la espera de la confirmaci\u00f3n de la muerte del capo.<\/p>\n\n\n\n<p class=\"wp-block-paragraph\">\u201cHay todo un despliegue para combatir y erradicar la extorsi\u00f3n en esta zona en Los Reyes, en la regi\u00f3n occidente frontera con Jalisco\u201d, dijo en rueda de prensa.<\/p>\n\n\n\n<p class=\"wp-block-paragraph\">En agosto de 2025, el Departamento del Tesoro ubic\u00f3 y sancion\u00f3 a \u2018El Wicho\u2019 por su participaci\u00f3n en la\u00a0<strong>extorsi\u00f3n a aguacateros de Michoac\u00e1n<\/strong>\u00a0en beneficio de\u00a0C\u00e1rteles Unidos, uno de los\u00a0grupos clasificados como terroristas por la administraci\u00f3n de Donald Trump.<\/p>\n\n\n\n<p class=\"wp-block-paragraph\">El Gobierno de EU ofrec\u00eda un recompensa de\u00a0<strong>3 millones de d\u00f3lares<\/strong>\u00a0por informaci\u00f3n que llevara a la captura de Luis Enrique Barrag\u00e1n Ch\u00e1vez, ubicado como jefe del\u00a0C\u00e1rtel de Los Reyes, un grupo parte de C\u00e1rteles Unidos. La captura de otro de los l\u00edderes de la organizaci\u00f3n,\u00a0Alfonso \u2018N\u2019, \u2018La Quiringua\u2019, desat\u00f3 bloqueos en Michoac\u00e1n a inicios de este mes.<\/p>\n\n\n\n<p class=\"wp-block-paragraph\">De acuerdo con el Gobierno de EU, C\u00e1rteles Unidos \u2018naci\u00f3\u2019 cuando grupos delictivos de menor tama\u00f1o en Michoac\u00e1n empezaron a unirse para \u2018combatir\u2019 a otras organizaciones m\u00e1s grandes como el<strong>&nbsp;C\u00e1rtel de Jalisco Nueva Generaci\u00f3n (CJNG)<\/strong>.<\/p>\n\n\n\n<p class=\"wp-block-paragraph\">Fuente: El <a href=\"https:\/\/www.elfinanciero.com.mx\/estados\/2026\/08\/31\/abaten-a-el-r-5-lider-del-cartel-de-los-reyes-en-michoacan-eu-ofrecia-3-mdd-por-su-cabeza\/\">Financiero<\/a><\/p>\n","protected":false},"excerpt":{"rendered":"<p>Luis Enrique Barrag\u00e1n Ch\u00e1vez, alias \u2018R5\u2032 o \u2018El Wicho\u2032\u00a0y jefe de una facci\u00f3n de C\u00e1rteles Unidos, fue abatido en un operativo de fuerzas federales en Los Reyes, Michoac\u00e1n, este lunes 31 de agosto. Alfredo Ram\u00edrez Bedolla, gobernador de Michoac\u00e1n, dijo que hubo un enfrentamiento en la zona y que las autoridades estaba a la espera [&hellip;]<\/p>\n","protected":false},"author":35,"featured_media":230740,"comment_status":"open","ping_status":"open","sticky":false,"template":"","format":"standard","meta":{"_monsterinsights_skip_tracking":false,"footnotes":""},"categories":[157],"tags":[3066,162,33886],"class_list":["post-230738","post","type-post","status-publish","format-standard","has-post-thumbnail","hentry","category-nacional","tag-michoacan","tag-portada","tag-r5","wp-image-borders"],"amp_enabled":true,"_links":{"self":[{"href":"https:\/\/nvnoticias.mx\/index.php\/wp-json\/wp\/v2\/posts\/230738","targetHints":{"allow":["GET"]}}],"collection":[{"href":"https:\/\/nvnoticias.mx\/index.php\/wp-json\/wp\/v2\/posts"}],"about":[{"href":"https:\/\/nvnoticias.mx\/index.php\/wp-json\/wp\/v2\/types\/post"}],"author":[{"embeddable":true,"href":"https:\/\/nvnoticias.mx\/index.php\/wp-json\/wp\/v2\/users\/35"}],"replies":[{"embeddable":true,"href":"https:\/\/nvnoticias.mx\/index.php\/wp-json\/wp\/v2\/comments?post=230738"}],"version-history":[{"count":4,"href":"https:\/\/nvnoticias.mx\/index.php\/wp-json\/wp\/v2\/posts\/230738\/revisions"}],"predecessor-version":[{"id":230743,"href":"https:\/\/nvnoticias.mx\/index.php\/wp-json\/wp\/v2\/posts\/230738\/revisions\/230743"}],"wp:featuredmedia":[{"embeddable":true,"href":"https:\/\/nvnoticias.mx\/index.php\/wp-json\/wp\/v2\/media\/230740"}],"wp:attachment":[{"href":"https:\/\/nvnoticias.mx\/index.php\/wp-json\/wp\/v2\/media?parent=230738"}],"wp:term":[{"taxonomy":"category","embeddable":true,"href":"https:\/\/nvnoticias.mx\/index.php\/wp-json\/wp\/v2\/categories?post=230738"},{"taxonomy":"post_tag","embeddable":true,"href":"https:\/\/nvnoticias.mx\/index.php\/wp-json\/wp\/v2\/tags?post=230738"}],"curies":[{"name":"wp","href":"https:\/\/api.w.org\/{rel}","templated":true}]}}