{"id":230724,"date":"2026-08-31T14:00:05","date_gmt":"2026-08-31T20:00:05","guid":{"rendered":"https:\/\/nvnoticias.mx\/?p=230724"},"modified":"2026-08-31T14:00:15","modified_gmt":"2026-08-31T20:00:15","slug":"jubilados-de-pemex-y-cfe-entregan-a-camara-de-diputados-iniciativa-contra-retroactividad-en-pensiones","status":"publish","type":"post","link":"https:\/\/nvnoticias.mx\/index.php\/2026\/08\/31\/jubilados-de-pemex-y-cfe-entregan-a-camara-de-diputados-iniciativa-contra-retroactividad-en-pensiones\/","title":{"rendered":"Jubilados de Pemex y CFE entregan a C\u00e1mara de Diputados iniciativa contra retroactividad en pensiones"},"content":{"rendered":"\n<p class=\"wp-block-paragraph\">Jubilados de confianza de Petr\u00f3leos Mexicanos (Pemex), la Comisi\u00f3n Federal de Electricidad (CFE) y la banca de desarrollo realizaron una marcha del Monumento a la Revoluci\u00f3n hacia la C\u00e1mara de Diputados, donde entregar\u00e1n una \u201ciniciativa ciudadana\u201d contra la retroactividad de la reforma al art\u00edculo 127 constitucional que limita las pensiones.&nbsp;<\/p>\n\n\n\n<p class=\"wp-block-paragraph\">Previo al arranque ma\u00f1ana del periodo ordinario de sesiones del Congreso de la Uni\u00f3n, los integrantes de la Alianza Nacional de Jubilados (ANAJUB) tambi\u00e9n presentar\u00e1n los resultados de una consulta realizada a 200 mil personas en todo el pa\u00eds, a trav\u00e9s de la cual -afirmaron- respaldaron la exigencia de certeza jur\u00eddica y manifestaron su rechazo a que una modificaci\u00f3n legislativa vulnere derechos adquiridos.<\/p>\n\n\n\n<p class=\"wp-block-paragraph\">Antonio Vega, vocero de la alianza, indic\u00f3 que seguir\u00e1n la ruta legal para presentar su propuesta ante el Congreso, por lo que este lunes entregar\u00e1n una carta de intenci\u00f3n y esperar\u00e1n los tiempos establecidos para dar continuidad al proceso.<\/p>\n\n\n\n<p class=\"wp-block-paragraph\">En entrevista, se\u00f1al\u00f3 que principalmente propondr\u00eda modificar el transitorio n\u00famero 2 del 127 constitucional relativo a los derechos adquiridos.<\/p>\n\n\n\n<p class=\"wp-block-paragraph\">Agreg\u00f3 que identificaron diversos art\u00edculos que, a su juicio, podr\u00edan entrar en controversia con el 127 constitucional, adem\u00e1s de otras disposiciones.<\/p>\n\n\n\n<p class=\"wp-block-paragraph\">Explic\u00f3 que este precepto debe analizarse a la luz de otros principios constitucionales, como el de progresividad y el principio pro persona establecidos en el art\u00edculo 1, as\u00ed como la prohibici\u00f3n de aplicar leyes de manera retroactiva prevista en el art\u00edculo 14.<\/p>\n\n\n\n<p class=\"wp-block-paragraph\">Mencion\u00f3 que tambi\u00e9n existen disposiciones y tratados internacionales que obligan a garantizar los principios de proporcionalidad, no discriminaci\u00f3n y respeto a los derechos humanos.<\/p>\n\n\n\n<p class=\"wp-block-paragraph\">Procedentes de diversos estados del pa\u00eds y bajo la consigna \u201cM\u00e9xico ya habl\u00f3: respeto a los derechos adquiridos\u201d, los manifestantes realizaron una caravana vehicular hacia San L\u00e1zaro, donde llevaron a cabo un mitin.<\/p>\n\n\n\n<p class=\"wp-block-paragraph\">\u201cSeguiremos yendo por el camino legal, institucional y evidentemente por la parte pac\u00edfica. Entonces esa parte es fundamental y por eso estamos ejerciendo este derecho a presentar una iniciativa ciudadana. Los puntos nodales de esta iniciativa es verificar c\u00f3mo estamos en la parte de progresividad\u201d, coment\u00f3 Vega.<\/p>\n\n\n\n<p class=\"wp-block-paragraph\">Fuente: La <a href=\"https:\/\/www.jornada.com.mx\/noticia\/2026\/08\/31\/politica\/jubilados-de-confianza-de-pemex-y-cfe-marcharon-a-la-camara-de-diputados-para-entregar-iniciativa-contra-retroactividad-en-pensiones\">Jornada<\/a><\/p>\n","protected":false},"excerpt":{"rendered":"<p>Jubilados de confianza de Petr\u00f3leos Mexicanos (Pemex), la Comisi\u00f3n Federal de Electricidad (CFE) y la banca de desarrollo realizaron una marcha del Monumento a la Revoluci\u00f3n hacia la C\u00e1mara de Diputados, donde entregar\u00e1n una \u201ciniciativa ciudadana\u201d contra la retroactividad de la reforma al art\u00edculo 127 constitucional que limita las pensiones.&nbsp; Previo al arranque ma\u00f1ana del [&hellip;]<\/p>\n","protected":false},"author":35,"featured_media":230727,"comment_status":"open","ping_status":"open","sticky":false,"template":"","format":"standard","meta":{"_monsterinsights_skip_tracking":false,"footnotes":""},"categories":[158],"tags":[821,619],"class_list":["post-230724","post","type-post","status-publish","format-standard","has-post-thumbnail","hentry","category-politica","tag-cfe","tag-pemex","wp-image-borders"],"amp_enabled":true,"_links":{"self":[{"href":"https:\/\/nvnoticias.mx\/index.php\/wp-json\/wp\/v2\/posts\/230724","targetHints":{"allow":["GET"]}}],"collection":[{"href":"https:\/\/nvnoticias.mx\/index.php\/wp-json\/wp\/v2\/posts"}],"about":[{"href":"https:\/\/nvnoticias.mx\/index.php\/wp-json\/wp\/v2\/types\/post"}],"author":[{"embeddable":true,"href":"https:\/\/nvnoticias.mx\/index.php\/wp-json\/wp\/v2\/users\/35"}],"replies":[{"embeddable":true,"href":"https:\/\/nvnoticias.mx\/index.php\/wp-json\/wp\/v2\/comments?post=230724"}],"version-history":[{"count":3,"href":"https:\/\/nvnoticias.mx\/index.php\/wp-json\/wp\/v2\/posts\/230724\/revisions"}],"predecessor-version":[{"id":230729,"href":"https:\/\/nvnoticias.mx\/index.php\/wp-json\/wp\/v2\/posts\/230724\/revisions\/230729"}],"wp:featuredmedia":[{"embeddable":true,"href":"https:\/\/nvnoticias.mx\/index.php\/wp-json\/wp\/v2\/media\/230727"}],"wp:attachment":[{"href":"https:\/\/nvnoticias.mx\/index.php\/wp-json\/wp\/v2\/media?parent=230724"}],"wp:term":[{"taxonomy":"category","embeddable":true,"href":"https:\/\/nvnoticias.mx\/index.php\/wp-json\/wp\/v2\/categories?post=230724"},{"taxonomy":"post_tag","embeddable":true,"href":"https:\/\/nvnoticias.mx\/index.php\/wp-json\/wp\/v2\/tags?post=230724"}],"curies":[{"name":"wp","href":"https:\/\/api.w.org\/{rel}","templated":true}]}}