{"id":230716,"date":"2026-08-31T13:52:45","date_gmt":"2026-08-31T19:52:45","guid":{"rendered":"https:\/\/nvnoticias.mx\/?p=230716"},"modified":"2026-08-31T13:52:53","modified_gmt":"2026-08-31T19:52:53","slug":"bid-pide-cuidado-en-incremento-al-salario-minimo-podria-promover-la-informalidad","status":"publish","type":"post","link":"https:\/\/nvnoticias.mx\/index.php\/2026\/08\/31\/bid-pide-cuidado-en-incremento-al-salario-minimo-podria-promover-la-informalidad\/","title":{"rendered":"BID pide \u201ccuidado\u201d en incremento al salario m\u00ednimo, podr\u00eda promover la informalidad"},"content":{"rendered":"\n<p class=\"wp-block-paragraph\">El salario m\u00ednimo en M\u00e9xico ya super\u00f3 lo que gana un trabajador com\u00fan en el pa\u00eds. A fin de no provocar m\u00e1s efectos negativos sobre el sistema laboral, como una escalada de la informalidad, los aumentos hacia adelante requieren un \u201ccuidado mucho mayor\u201d, advirti\u00f3 David Kaplan, investigador de la Divisi\u00f3n de Mercados Laborales y Seguridad Social del Banco Interamericano de Desarrollo (BID).<\/p>\n\n\n\n<p class=\"wp-block-paragraph\">De acuerdo con experiencias internacionales, \u201cseguir aumentando el salario m\u00ednimo puede promover la informalidad\u201d, dijo Kaplan en conferencia de prensa. \u201cCalibrar esa decisi\u00f3n para fijar exactamente el nivel \u00f3ptimo s\u00ed es dif\u00edcil, desde luego, pero un paso importante es tener en cuenta que hay un l\u00edmite y subir el salario m\u00ednimo m\u00e1s all\u00e1 de ese l\u00edmite ser\u00e1 contraproducente, har\u00e1 m\u00e1s da\u00f1o sobre los trabajadores\u201d, abund\u00f3 al hablar sobre M\u00e9xico.<\/p>\n\n\n\n<p class=\"wp-block-paragraph\">Los datos presentados por el investigador del BID muestran que el pa\u00eds ha visto uno de los mayores aumentos reales al salario m\u00ednimo en Am\u00e9rica Latina y el Caribe en los \u00faltimos a\u00f1os. Es decir, la recuperaci\u00f3n de las remuneraciones base ha ido por encima de la inflaci\u00f3n y ha provocado que tengan mayor poder adquisitivo. \u201cLo festejamos mucho\u201d, apunt\u00f3 Kaplan. Sin embargo, para 2026 esta pol\u00edtica ya muestran ciertas se\u00f1ales de advertencia, seg\u00fan el investigador del BID.<\/p>\n\n\n\n<p class=\"wp-block-paragraph\">Kaplan inform\u00f3 que en 2026, el salario m\u00ednimo se encuentra ligeramente por encima de la mediana para un trabajador en el pa\u00eds (1.01); de ah\u00ed que, se\u00f1al\u00f3, la Comisi\u00f3n Nacional de Salarios M\u00ednimos (Conasami) tendr\u00eda que estar al tanto de ese l\u00edmite que existe para los sistemas laborales.&nbsp;&nbsp;\u201cAmerita reflexi\u00f3n y cuidado mucho mayor hacia adelante con los aumentos\u201d, dijo.<\/p>\n\n\n\n<p class=\"wp-block-paragraph\">Agreg\u00f3 que otra se\u00f1al de advertencia en el pa\u00eds es lo que produce la econom\u00eda mexicana por ocupado. Entre 2000 y 2024, el producto interno bruto (PIB) por trabajador en M\u00e9xico baj\u00f3 2.8 por ciento, mientras el ingreso laboral promedio creci\u00f3 18.3 por ciento en t\u00e9rminos reales. Kaplan se detuvo en el primer dato, el que productividad no haya alcanzado el nivel de 2000 \u201ces algo que tiene que preocuparnos\u201d, apunt\u00f3.<\/p>\n\n\n\n<p class=\"wp-block-paragraph\">Sof\u00eda Ram\u00edrez, directora de M\u00e9xico \u00bfC\u00f3mo vamos?, se\u00f1al\u00f3 que la actual administraci\u00f3n sigui\u00f3 la inercia heredada de la pol\u00edtica de recuperaci\u00f3n de los salarios m\u00ednimos con fuertes incremento reales, que dej\u00f3 su antecesora y que permiti\u00f3 menor incidencia de la pobreza laboral. Sin embargo, subray\u00f3 la investigadora, la pol\u00edtica laboral es mucho m\u00e1s amplia y se puede acompa\u00f1ar de pol\u00edtica fiscal y de la misma pol\u00edtica industrial.<\/p>\n\n\n\n<p class=\"wp-block-paragraph\">De acuerdo con la Conasami, el valor del salario m\u00ednimo, medido a trav\u00e9s del costo de una canasta b\u00e1sica, hab\u00eda aumentado 152.8 por ciento entre el cierre de 2018 y abril de 2026.<\/p>\n\n\n\n<p class=\"wp-block-paragraph\">Hasta 2023, a\u00f1o que se utiliz\u00f3 para crear el informe comparativo&nbsp;<em>\u201cHacer que los mercados laborales funcionen: mejorar la productividad y el bienestar de los trabajadores en Am\u00e9rica Latina y el Caribe\u201d<\/em>, del que Kaplan es uno de los autores, la pol\u00edtica de incremento al salario m\u00ednimo en M\u00e9xico hab\u00eda reportado buenos resultados.<\/p>\n\n\n\n<p class=\"wp-block-paragraph\">Seg\u00fan el libro, el incremento al salario m\u00ednimo en el pa\u00eds result\u00f3 en reducir las desigualdad de ingresos; implic\u00f3 un efecto faro para los trabajadores asalariados e incluso para aquellos que se autoemplean; al tiempo que no provoc\u00f3 una disminuci\u00f3n del empleo formal. Al menos hasta 2023, esa pol\u00edtica de salario m\u00ednimo incidi\u00f3 sobre la mitad de los trabajadores, aunque 28 por ciento de los asalariados ten\u00edan una remuneraci\u00f3n menor al m\u00ednimo, muestra el documento.<\/p>\n\n\n\n<p class=\"wp-block-paragraph\">Fuente: La <a href=\"https:\/\/www.jornada.com.mx\/noticia\/2026\/08\/31\/economia\/bid-pide-cuidado-en-incremento-al-salario-minimo-podria-promover-la-informalidad\">Jornada<\/a><\/p>\n","protected":false},"excerpt":{"rendered":"<p>El salario m\u00ednimo en M\u00e9xico ya super\u00f3 lo que gana un trabajador com\u00fan en el pa\u00eds. A fin de no provocar m\u00e1s efectos negativos sobre el sistema laboral, como una escalada de la informalidad, los aumentos hacia adelante requieren un \u201ccuidado mucho mayor\u201d, advirti\u00f3 David Kaplan, investigador de la Divisi\u00f3n de Mercados Laborales y Seguridad [&hellip;]<\/p>\n","protected":false},"author":35,"featured_media":230718,"comment_status":"open","ping_status":"open","sticky":false,"template":"","format":"standard","meta":{"_monsterinsights_skip_tracking":false,"footnotes":""},"categories":[157],"tags":[15870,162],"class_list":["post-230716","post","type-post","status-publish","format-standard","has-post-thumbnail","hentry","category-nacional","tag-bid","tag-portada","wp-image-borders"],"amp_enabled":true,"_links":{"self":[{"href":"https:\/\/nvnoticias.mx\/index.php\/wp-json\/wp\/v2\/posts\/230716","targetHints":{"allow":["GET"]}}],"collection":[{"href":"https:\/\/nvnoticias.mx\/index.php\/wp-json\/wp\/v2\/posts"}],"about":[{"href":"https:\/\/nvnoticias.mx\/index.php\/wp-json\/wp\/v2\/types\/post"}],"author":[{"embeddable":true,"href":"https:\/\/nvnoticias.mx\/index.php\/wp-json\/wp\/v2\/users\/35"}],"replies":[{"embeddable":true,"href":"https:\/\/nvnoticias.mx\/index.php\/wp-json\/wp\/v2\/comments?post=230716"}],"version-history":[{"count":3,"href":"https:\/\/nvnoticias.mx\/index.php\/wp-json\/wp\/v2\/posts\/230716\/revisions"}],"predecessor-version":[{"id":230720,"href":"https:\/\/nvnoticias.mx\/index.php\/wp-json\/wp\/v2\/posts\/230716\/revisions\/230720"}],"wp:featuredmedia":[{"embeddable":true,"href":"https:\/\/nvnoticias.mx\/index.php\/wp-json\/wp\/v2\/media\/230718"}],"wp:attachment":[{"href":"https:\/\/nvnoticias.mx\/index.php\/wp-json\/wp\/v2\/media?parent=230716"}],"wp:term":[{"taxonomy":"category","embeddable":true,"href":"https:\/\/nvnoticias.mx\/index.php\/wp-json\/wp\/v2\/categories?post=230716"},{"taxonomy":"post_tag","embeddable":true,"href":"https:\/\/nvnoticias.mx\/index.php\/wp-json\/wp\/v2\/tags?post=230716"}],"curies":[{"name":"wp","href":"https:\/\/api.w.org\/{rel}","templated":true}]}}