{"id":230713,"date":"2026-08-31T12:49:04","date_gmt":"2026-08-31T18:49:04","guid":{"rendered":"https:\/\/nvnoticias.mx\/?p=230713"},"modified":"2026-08-31T12:49:11","modified_gmt":"2026-08-31T18:49:11","slug":"vacaciones-de-verano-generan-derrama-economica-reporta-canaco-repunte-por-utiles-escolares","status":"publish","type":"post","link":"https:\/\/nvnoticias.mx\/index.php\/2026\/08\/31\/vacaciones-de-verano-generan-derrama-economica-reporta-canaco-repunte-por-utiles-escolares\/","title":{"rendered":"Vacaciones de verano generan derrama econ\u00f3mica; reporta Canaco repunte por \u00fatiles escolares"},"content":{"rendered":"\n<p class=\"wp-block-paragraph\"><br><strong>Jes\u00fas Utrilla \/ NV Noticias <\/strong><\/p>\n\n\n\n<p class=\"wp-block-paragraph\"><br>La temporada vacacional de verano dej\u00f3 resultados positivos para el sector comercial y tur\u00edstico de Veracruz y la zona conurbada, con una importante afluencia de visitantes y una ocupaci\u00f3n hotelera que durante los fines de semana super\u00f3 el 90 por ciento, inform\u00f3 \u00c9ric Su\u00e1rez M\u00e1rquez, secretario de la C\u00e1mara Nacional de Comercio (Canaco) Veracruz.<\/p>\n\n\n\n<p class=\"wp-block-paragraph\"><br>El representante empresarial destac\u00f3 que, aunque las condiciones clim\u00e1ticas no fueron las esperadas debido a los constantes nublados y lluvias, la llegada de turistas permiti\u00f3 mantener una buena actividad econ\u00f3mica en hoteles, restaurantes, comercios y otros establecimientos relacionados con el turismo.<\/p>\n\n\n\n<p class=\"wp-block-paragraph\"><br>Indic\u00f3 que los primeros datos apuntan a que este verano pudo superar los resultados registrados durante el mismo periodo del a\u00f1o pasado, tanto en n\u00famero de visitantes como en derrama econ\u00f3mica, aunque ser\u00e1 necesario esperar a que concluya el an\u00e1lisis de las cifras,<\/p>\n\n\n\n<p class=\"wp-block-paragraph\"><br>Su\u00e1rez M\u00e1rquez agreg\u00f3 que el sector comercio tambi\u00e9n mantiene un comportamiento favorable debido a las compras por el regreso a clases, principalmente en productos como uniformes, ropa, calzado y \u00fatiles escolares.<\/p>\n\n\n\n<p class=\"wp-block-paragraph\"><br>Estim\u00f3 que durante las pr\u00f3ximas dos semanas todav\u00eda se mantendr\u00e1 el movimiento comercial por las compras de \u00faltimo momento para el regreso a clases, por lo que ser\u00e1 posteriormente cuando la Canaco pueda presentar un balance definitivo de la temporada.<br><\/p>\n","protected":false},"excerpt":{"rendered":"<p>Jes\u00fas Utrilla \/ NV Noticias La temporada vacacional de verano dej\u00f3 resultados positivos para el sector comercial y tur\u00edstico de Veracruz y la zona conurbada, con una importante afluencia de visitantes y una ocupaci\u00f3n hotelera que durante los fines de semana super\u00f3 el 90 por ciento, inform\u00f3 \u00c9ric Su\u00e1rez M\u00e1rquez, secretario de la C\u00e1mara Nacional [&hellip;]<\/p>\n","protected":false},"author":8,"featured_media":230714,"comment_status":"open","ping_status":"open","sticky":false,"template":"","format":"standard","meta":{"_monsterinsights_skip_tracking":false,"footnotes":""},"categories":[154],"tags":[978,10940,4756],"class_list":["post-230713","post","type-post","status-publish","format-standard","has-post-thumbnail","hentry","category-veracruz","tag-canaco","tag-derrama-economica","tag-vacaciones-de-verano","wp-image-borders"],"amp_enabled":true,"_links":{"self":[{"href":"https:\/\/nvnoticias.mx\/index.php\/wp-json\/wp\/v2\/posts\/230713","targetHints":{"allow":["GET"]}}],"collection":[{"href":"https:\/\/nvnoticias.mx\/index.php\/wp-json\/wp\/v2\/posts"}],"about":[{"href":"https:\/\/nvnoticias.mx\/index.php\/wp-json\/wp\/v2\/types\/post"}],"author":[{"embeddable":true,"href":"https:\/\/nvnoticias.mx\/index.php\/wp-json\/wp\/v2\/users\/8"}],"replies":[{"embeddable":true,"href":"https:\/\/nvnoticias.mx\/index.php\/wp-json\/wp\/v2\/comments?post=230713"}],"version-history":[{"count":1,"href":"https:\/\/nvnoticias.mx\/index.php\/wp-json\/wp\/v2\/posts\/230713\/revisions"}],"predecessor-version":[{"id":230715,"href":"https:\/\/nvnoticias.mx\/index.php\/wp-json\/wp\/v2\/posts\/230713\/revisions\/230715"}],"wp:featuredmedia":[{"embeddable":true,"href":"https:\/\/nvnoticias.mx\/index.php\/wp-json\/wp\/v2\/media\/230714"}],"wp:attachment":[{"href":"https:\/\/nvnoticias.mx\/index.php\/wp-json\/wp\/v2\/media?parent=230713"}],"wp:term":[{"taxonomy":"category","embeddable":true,"href":"https:\/\/nvnoticias.mx\/index.php\/wp-json\/wp\/v2\/categories?post=230713"},{"taxonomy":"post_tag","embeddable":true,"href":"https:\/\/nvnoticias.mx\/index.php\/wp-json\/wp\/v2\/tags?post=230713"}],"curies":[{"name":"wp","href":"https:\/\/api.w.org\/{rel}","templated":true}]}}