{"id":230710,"date":"2026-08-31T12:41:53","date_gmt":"2026-08-31T18:41:53","guid":{"rendered":"https:\/\/nvnoticias.mx\/?p=230710"},"modified":"2026-08-31T12:41:59","modified_gmt":"2026-08-31T18:41:59","slug":"prohibiran-celulares-en-escuelas-de-veracruz","status":"publish","type":"post","link":"https:\/\/nvnoticias.mx\/index.php\/2026\/08\/31\/prohibiran-celulares-en-escuelas-de-veracruz\/","title":{"rendered":"Prohibir\u00e1n celulares en escuelas de Veracruz"},"content":{"rendered":"\n<p class=\"wp-block-paragraph\"><\/p>\n\n\n\n<p class=\"wp-block-paragraph\"><strong>Jes\u00fas Utrilla \/ NV Noticias <\/strong><\/p>\n\n\n\n<p class=\"wp-block-paragraph\">En Veracruz quedar\u00e1 prohibido que los estudiantes lleven tel\u00e9fonos celulares a las escuelas, como parte de la regulaci\u00f3n del uso de estos dispositivos en los planteles educativos. La gobernadora Roc\u00edo Nahle Garc\u00eda explic\u00f3 que la medida fue una de las determinaciones tomadas por el estado tras recibir de la Secretar\u00eda de Educaci\u00f3n P\u00fablica el reglamento correspondiente.<\/p>\n\n\n\n<p class=\"wp-block-paragraph\">La mandataria se\u00f1al\u00f3 que entre las opciones planteadas se encontraba permitir que alumnos y maestros llevaran sus tel\u00e9fonos a las escuelas, pero mantenerlos resguardados en un caj\u00f3n durante el horario de clases. Sin embargo, Veracruz decidi\u00f3 ir un paso m\u00e1s all\u00e1 y establecer que los celulares no sean llevados a los planteles.<\/p>\n\n\n\n<p class=\"wp-block-paragraph\">Nahle Garc\u00eda, quien adelant\u00f3 que los detalles de esta disposici\u00f3n ser\u00e1n dados a conocer pr\u00f3ximamente.<\/p>\n\n\n\n<p class=\"wp-block-paragraph\">La gobernadora indic\u00f3 que la medida busca favorecer la atenci\u00f3n de los estudiantes durante las clases y mejorar su aprovechamiento acad\u00e9mico. A\u00f1adi\u00f3 que espera que la nueva regulaci\u00f3n pueda darse a conocer de manera formal en breve.<\/p>\n\n\n\n<p class=\"wp-block-paragraph\"><\/p>\n","protected":false},"excerpt":{"rendered":"<p>Jes\u00fas Utrilla \/ NV Noticias En Veracruz quedar\u00e1 prohibido que los estudiantes lleven tel\u00e9fonos celulares a las escuelas, como parte de la regulaci\u00f3n del uso de estos dispositivos en los planteles educativos. La gobernadora Roc\u00edo Nahle Garc\u00eda explic\u00f3 que la medida fue una de las determinaciones tomadas por el estado tras recibir de la Secretar\u00eda [&hellip;]<\/p>\n","protected":false},"author":8,"featured_media":230711,"comment_status":"open","ping_status":"open","sticky":false,"template":"","format":"standard","meta":{"_monsterinsights_skip_tracking":false,"footnotes":""},"categories":[156],"tags":[20663,659,180],"class_list":["post-230710","post","type-post","status-publish","format-standard","has-post-thumbnail","hentry","category-estado","tag-celulares","tag-escuelas","tag-veracruz","wp-image-borders"],"amp_enabled":true,"_links":{"self":[{"href":"https:\/\/nvnoticias.mx\/index.php\/wp-json\/wp\/v2\/posts\/230710","targetHints":{"allow":["GET"]}}],"collection":[{"href":"https:\/\/nvnoticias.mx\/index.php\/wp-json\/wp\/v2\/posts"}],"about":[{"href":"https:\/\/nvnoticias.mx\/index.php\/wp-json\/wp\/v2\/types\/post"}],"author":[{"embeddable":true,"href":"https:\/\/nvnoticias.mx\/index.php\/wp-json\/wp\/v2\/users\/8"}],"replies":[{"embeddable":true,"href":"https:\/\/nvnoticias.mx\/index.php\/wp-json\/wp\/v2\/comments?post=230710"}],"version-history":[{"count":1,"href":"https:\/\/nvnoticias.mx\/index.php\/wp-json\/wp\/v2\/posts\/230710\/revisions"}],"predecessor-version":[{"id":230712,"href":"https:\/\/nvnoticias.mx\/index.php\/wp-json\/wp\/v2\/posts\/230710\/revisions\/230712"}],"wp:featuredmedia":[{"embeddable":true,"href":"https:\/\/nvnoticias.mx\/index.php\/wp-json\/wp\/v2\/media\/230711"}],"wp:attachment":[{"href":"https:\/\/nvnoticias.mx\/index.php\/wp-json\/wp\/v2\/media?parent=230710"}],"wp:term":[{"taxonomy":"category","embeddable":true,"href":"https:\/\/nvnoticias.mx\/index.php\/wp-json\/wp\/v2\/categories?post=230710"},{"taxonomy":"post_tag","embeddable":true,"href":"https:\/\/nvnoticias.mx\/index.php\/wp-json\/wp\/v2\/tags?post=230710"}],"curies":[{"name":"wp","href":"https:\/\/api.w.org\/{rel}","templated":true}]}}