{"id":230708,"date":"2026-08-31T12:39:23","date_gmt":"2026-08-31T18:39:23","guid":{"rendered":"https:\/\/nvnoticias.mx\/?p=230708"},"modified":"2026-08-31T12:39:30","modified_gmt":"2026-08-31T18:39:30","slug":"operacion-del-ingenio-san-pedro-sera-como-organismo-publico-descentralizado","status":"publish","type":"post","link":"https:\/\/nvnoticias.mx\/index.php\/2026\/08\/31\/operacion-del-ingenio-san-pedro-sera-como-organismo-publico-descentralizado\/","title":{"rendered":"Operaci\u00f3n del Ingenio San Pedro ser\u00e1 como organismo p\u00fablico descentralizado"},"content":{"rendered":"\n<p class=\"wp-block-paragraph\"><\/p>\n\n\n\n<p class=\"wp-block-paragraph\"><strong>Jes\u00fas Utrilla \/ NV Noticias <\/strong><\/p>\n\n\n\n<p class=\"wp-block-paragraph\">El Ingenio San Pedro, ubicado en Lerdo de Tejada, continuar\u00e1 operando bajo un esquema p\u00fablico luego de que el Gobierno de Veracruz y la Federaci\u00f3n acordaran intervenir para evitar un impacto econ\u00f3mico y social en la regi\u00f3n del Papaloapan, inform\u00f3 la gobernadora Roc\u00edo Nahle Garc\u00eda.<\/p>\n\n\n\n<p class=\"wp-block-paragraph\">La mandataria estatal explic\u00f3 que, tras un mes de di\u00e1logo y trabajo con autoridades federales, se determin\u00f3 que el inmueble regresar\u00e1 al \u00e1mbito p\u00fablico una vez que deje de ser propiedad o estar administrado por un particular. Precis\u00f3 que el ingenio ser\u00e1 operado mediante un organismo p\u00fablico descentralizado.<\/p>\n\n\n\n<p class=\"wp-block-paragraph\">Nahle Garc\u00eda destac\u00f3 que la permanencia del ingenio es fundamental para la econom\u00eda de municipios de la regi\u00f3n como Tlacotalpan, Alvarado, Lerdo de Tejada, Saltabarranca, \u00c1ngel R. Cabada y Santiago Tuxtla, debido a la actividad econ\u00f3mica que genera la producci\u00f3n de ca\u00f1a.<\/p>\n\n\n\n<p class=\"wp-block-paragraph\">La gobernadora indic\u00f3 que la empresa privada tiene derecho a dejar de operar el ingenio y aclar\u00f3 que el Gobierno no busca obligarla a continuar, sino atender las consecuencias que representar\u00eda el cierre para productores y trabajadores.<\/p>\n\n\n\n<p class=\"wp-block-paragraph\">Asimismo, inform\u00f3 que el az\u00facar que se produzca en el Ingenio San Pedro ser\u00e1 destinada exclusivamente al consumo nacional y no ser\u00e1 exportada, debido a los acuerdos comerciales vigentes entre M\u00e9xico y Estados Unidos.<\/p>\n\n\n\n<p class=\"wp-block-paragraph\">En cuanto a los trabajadores, dijo que la Secretar\u00eda del Trabajo y la empresa comenzar\u00e1n el proceso de liquidaci\u00f3n conforme a la ley, tomando en cuenta la antig\u00fcedad y los contratos laborales de cada trabajador.<\/p>\n\n\n\n<p class=\"wp-block-paragraph\">De manera paralela, personal de la Secretar\u00eda de Agricultura, encabezado en la entidad por Rodrigo Calder\u00f3n, comenzar\u00e1 reuniones con productores para establecer los acuerdos relacionados con la entrega de ca\u00f1a prevista para diciembre.<\/p>\n\n\n\n<p class=\"wp-block-paragraph\">Nahle Garc\u00eda dijo&nbsp;&nbsp;que las gestiones deben avanzar con rapidez debido a que el ciclo agr\u00edcola no puede detenerse.&nbsp;<\/p>\n\n\n\n<p class=\"wp-block-paragraph\">REGRESO A CLASES<\/p>\n\n\n\n<p class=\"wp-block-paragraph\">El ciclo escolar 2026-2027 inici\u00f3 este lunes en Veracruz para m\u00e1s de 2 millones de estudiantes, inform\u00f3 la gobernadora Roc\u00edo Nahle Garc\u00eda, quien encabez\u00f3 el arranque de actividades desde la escuela primaria Nicol\u00e1s Bravo, en Medell\u00edn de Bravo. Destac\u00f3 que el regreso a las aulas representa la reactivaci\u00f3n de las actividades educativas en todo el estado.<\/p>\n\n\n\n<p class=\"wp-block-paragraph\">Respecto a la regulaci\u00f3n del uso de tel\u00e9fonos celulares en las escuelas, la gobernadora explic\u00f3 que la Secretar\u00eda de Educaci\u00f3n P\u00fablica turn\u00f3 a las entidades el reglamento correspondiente y Veracruz determin\u00f3 que los estudiantes no deber\u00e1n llevar celulares durante las clases, como parte de las medidas para favorecer la atenci\u00f3n y el aprovechamiento acad\u00e9mico.<\/p>\n\n\n\n<p class=\"wp-block-paragraph\">Nahle Garc\u00eda tambi\u00e9n adelant\u00f3 que la entrega de \u00fatiles escolares continuar\u00e1 el pr\u00f3ximo a\u00f1o, con el objetivo de ampliar gradualmente la cobertura. Se\u00f1al\u00f3 que la meta de su administraci\u00f3n es que, antes de concluir el actual gobierno estatal, todos los estudiantes de educaci\u00f3n b\u00e1sica reciban \u00fatiles escolares.<\/p>\n","protected":false},"excerpt":{"rendered":"<p>Jes\u00fas Utrilla \/ NV Noticias El Ingenio San Pedro, ubicado en Lerdo de Tejada, continuar\u00e1 operando bajo un esquema p\u00fablico luego de que el Gobierno de Veracruz y la Federaci\u00f3n acordaran intervenir para evitar un impacto econ\u00f3mico y social en la regi\u00f3n del Papaloapan, inform\u00f3 la gobernadora Roc\u00edo Nahle Garc\u00eda. La mandataria estatal explic\u00f3 que, [&hellip;]<\/p>\n","protected":false},"author":8,"featured_media":227697,"comment_status":"open","ping_status":"open","sticky":false,"template":"","format":"standard","meta":{"_monsterinsights_skip_tracking":false,"footnotes":""},"categories":[156],"tags":[33754,13677,22104],"class_list":["post-230708","post","type-post","status-publish","format-standard","has-post-thumbnail","hentry","category-estado","tag-ingenio-san-pedro","tag-operacion","tag-organismo-publico-descentralizado","wp-image-borders"],"amp_enabled":true,"_links":{"self":[{"href":"https:\/\/nvnoticias.mx\/index.php\/wp-json\/wp\/v2\/posts\/230708","targetHints":{"allow":["GET"]}}],"collection":[{"href":"https:\/\/nvnoticias.mx\/index.php\/wp-json\/wp\/v2\/posts"}],"about":[{"href":"https:\/\/nvnoticias.mx\/index.php\/wp-json\/wp\/v2\/types\/post"}],"author":[{"embeddable":true,"href":"https:\/\/nvnoticias.mx\/index.php\/wp-json\/wp\/v2\/users\/8"}],"replies":[{"embeddable":true,"href":"https:\/\/nvnoticias.mx\/index.php\/wp-json\/wp\/v2\/comments?post=230708"}],"version-history":[{"count":1,"href":"https:\/\/nvnoticias.mx\/index.php\/wp-json\/wp\/v2\/posts\/230708\/revisions"}],"predecessor-version":[{"id":230709,"href":"https:\/\/nvnoticias.mx\/index.php\/wp-json\/wp\/v2\/posts\/230708\/revisions\/230709"}],"wp:featuredmedia":[{"embeddable":true,"href":"https:\/\/nvnoticias.mx\/index.php\/wp-json\/wp\/v2\/media\/227697"}],"wp:attachment":[{"href":"https:\/\/nvnoticias.mx\/index.php\/wp-json\/wp\/v2\/media?parent=230708"}],"wp:term":[{"taxonomy":"category","embeddable":true,"href":"https:\/\/nvnoticias.mx\/index.php\/wp-json\/wp\/v2\/categories?post=230708"},{"taxonomy":"post_tag","embeddable":true,"href":"https:\/\/nvnoticias.mx\/index.php\/wp-json\/wp\/v2\/tags?post=230708"}],"curies":[{"name":"wp","href":"https:\/\/api.w.org\/{rel}","templated":true}]}}