{"id":230705,"date":"2026-08-31T12:36:05","date_gmt":"2026-08-31T18:36:05","guid":{"rendered":"https:\/\/nvnoticias.mx\/?p=230705"},"modified":"2026-08-31T12:36:12","modified_gmt":"2026-08-31T18:36:12","slug":"messi-anuncia-su-retiro-de-la-seleccion-argentina","status":"publish","type":"post","link":"https:\/\/nvnoticias.mx\/index.php\/2026\/08\/31\/messi-anuncia-su-retiro-de-la-seleccion-argentina\/","title":{"rendered":"Messi anuncia su retiro de la selecci\u00f3n Argentina"},"content":{"rendered":"\n<p class=\"wp-block-paragraph\"><\/p>\n\n\n\n<p class=\"wp-block-paragraph\">A trav\u00e9s de una emotiva carta compartida en sus redes sociales, Lionel Messi anunci\u00f3 su retiro oficial y definitivo de la Selecci\u00f3n Argentina.<\/p>\n\n\n\n<p class=\"wp-block-paragraph\">El hist\u00f3rico capit\u00e1n de 39 a\u00f1os confirm\u00f3 que la decisi\u00f3n la tom\u00f3 dos d\u00edas despu\u00e9s de caer ante Espa\u00f1a en la final de la Copa del Mundo 2026 celebrada en Nueva York.<\/p>\n\n\n\n<p class=\"wp-block-paragraph\">Explic\u00f3 que el reciente fallecimiento de su padre reforz\u00f3 la postura de dar un paso al costado, poniendo fin a especulaciones sobre si llegar\u00eda o no al pr\u00f3ximo Mundial.<\/p>\n\n\n\n<p class=\"wp-block-paragraph\">Messi concluye una legendaria trayectoria de 21 a\u00f1os defendiendo a la Albiceleste, habiendo conquistado el Mundial de Qatar 2022, dos Copas Am\u00e9rica y un Oro Ol\u00edmpico en Beijing 2008.<\/p>\n\n\n\n<p class=\"wp-block-paragraph\">En su escrito, la estrella agradeci\u00f3 al pueblo argentino por dos d\u00e9cadas de apoyo incondicional, asegurando que se vaci\u00f3 por completo y dio todo por la camiseta nacional.<\/p>\n\n\n\n<p class=\"wp-block-paragraph\">El ganador de ocho Balones de Oro afirm\u00f3 que ahora ser\u00e1 un aficionado m\u00e1s alentando desde afuera, dejando el camino abierto a las nuevas generaciones del futbol argentino.<\/p>\n","protected":false},"excerpt":{"rendered":"<p>A trav\u00e9s de una emotiva carta compartida en sus redes sociales, Lionel Messi anunci\u00f3 su retiro oficial y definitivo de la Selecci\u00f3n Argentina. El hist\u00f3rico capit\u00e1n de 39 a\u00f1os confirm\u00f3 que la decisi\u00f3n la tom\u00f3 dos d\u00edas despu\u00e9s de caer ante Espa\u00f1a en la final de la Copa del Mundo 2026 celebrada en Nueva York. [&hellip;]<\/p>\n","protected":false},"author":8,"featured_media":230706,"comment_status":"open","ping_status":"open","sticky":false,"template":"","format":"standard","meta":{"_monsterinsights_skip_tracking":false,"footnotes":""},"categories":[159],"tags":[259,538,5593,16221],"class_list":["post-230705","post","type-post","status-publish","format-standard","has-post-thumbnail","hentry","category-deportes","tag-argentina","tag-messi","tag-retiro","tag-seleccion","wp-image-borders"],"amp_enabled":true,"_links":{"self":[{"href":"https:\/\/nvnoticias.mx\/index.php\/wp-json\/wp\/v2\/posts\/230705","targetHints":{"allow":["GET"]}}],"collection":[{"href":"https:\/\/nvnoticias.mx\/index.php\/wp-json\/wp\/v2\/posts"}],"about":[{"href":"https:\/\/nvnoticias.mx\/index.php\/wp-json\/wp\/v2\/types\/post"}],"author":[{"embeddable":true,"href":"https:\/\/nvnoticias.mx\/index.php\/wp-json\/wp\/v2\/users\/8"}],"replies":[{"embeddable":true,"href":"https:\/\/nvnoticias.mx\/index.php\/wp-json\/wp\/v2\/comments?post=230705"}],"version-history":[{"count":1,"href":"https:\/\/nvnoticias.mx\/index.php\/wp-json\/wp\/v2\/posts\/230705\/revisions"}],"predecessor-version":[{"id":230707,"href":"https:\/\/nvnoticias.mx\/index.php\/wp-json\/wp\/v2\/posts\/230705\/revisions\/230707"}],"wp:featuredmedia":[{"embeddable":true,"href":"https:\/\/nvnoticias.mx\/index.php\/wp-json\/wp\/v2\/media\/230706"}],"wp:attachment":[{"href":"https:\/\/nvnoticias.mx\/index.php\/wp-json\/wp\/v2\/media?parent=230705"}],"wp:term":[{"taxonomy":"category","embeddable":true,"href":"https:\/\/nvnoticias.mx\/index.php\/wp-json\/wp\/v2\/categories?post=230705"},{"taxonomy":"post_tag","embeddable":true,"href":"https:\/\/nvnoticias.mx\/index.php\/wp-json\/wp\/v2\/tags?post=230705"}],"curies":[{"name":"wp","href":"https:\/\/api.w.org\/{rel}","templated":true}]}}