{"id":230698,"date":"2026-08-31T11:49:59","date_gmt":"2026-08-31T17:49:59","guid":{"rendered":"https:\/\/nvnoticias.mx\/?p=230698"},"modified":"2026-08-31T11:50:07","modified_gmt":"2026-08-31T17:50:07","slug":"sindicato-de-la-industria-automotriz-pide-a-sus-agremiados-no-firmar-su-baja-en-volkswagen-de-mexico","status":"publish","type":"post","link":"https:\/\/nvnoticias.mx\/index.php\/2026\/08\/31\/sindicato-de-la-industria-automotriz-pide-a-sus-agremiados-no-firmar-su-baja-en-volkswagen-de-mexico\/","title":{"rendered":"Sindicato de la Industria Automotriz pide a sus agremiados no firmar su baja en Volkswagen de M\u00e9xico"},"content":{"rendered":"\n<p class=\"wp-block-paragraph\">Ante el inicio de despidos \u201cunilaterales\u201d por parte de Volkswagen de M\u00e9xico en su planta en Puebla,&nbsp;el Sindicato Independiente de Trabajadores de la Industria Automotriz (SITIAVW) pidi\u00f3 a sus agremiados no firmar su baja, y&nbsp;exigi\u00f3 a la compa\u00f1\u00eda alemana, al gobierno federal y estatal, as\u00ed como a los empresarios del sector, actuar con \u201creciprocidad y responsabilidad social\u201d&nbsp;para preservar los empleos y evitar mayores afectaciones a las familias y a la econom\u00eda regional.<\/p>\n\n\n\n<p class=\"wp-block-paragraph\">Fuentes consultadas informaron a este diario que el Comit\u00e9 Ejecutivo del sindicato, que encabeza Hugo Tlalpan, sostendr\u00e1 una reuni\u00f3n con el Secretario del Trabajo y Previsi\u00f3n Social, Marath Bola\u00f1os, en la sede de la dependencia.<\/p>\n\n\n\n<p class=\"wp-block-paragraph\">El viernes pasado, en medio de la revisi\u00f3n contractual 2026-2028 que contempla un incremento global de 10.04 por ciento y que ser\u00e1 votada el 11 de septiembre, la armadora inform\u00f3 que recortar\u00e1 su personal, mediante la eliminaci\u00f3n indefinida de uno de los tres turnos de producci\u00f3n&nbsp;que se estima las bajas podr\u00edan alcanzar hasta mil 350 trabajadores.<\/p>\n\n\n\n<p class=\"wp-block-paragraph\">Frente a ello, el Comit\u00e9 Ejecutivo del SITIAVW, que encabeza Hugo Tlalpan, anunci\u00f3 este lunes&nbsp;que en los pr\u00f3ximos d\u00edas dar\u00e1 a conocer oficialmente sus propuestas t\u00e9cnicas, acciones y plan de actividades, para enfrentar la situaci\u00f3n sin afectar la econom\u00eda de los trabajadores ni generar mayores impactos en el entorno laboral.<\/p>\n\n\n\n<p class=\"wp-block-paragraph\">Asimismo, manifest\u00f3 su \u201ctotal desacuerdo\u201d con el recorte de personal que anunci\u00f3 Volkswagen M\u00e9xico, ya que, afirm\u00f3, las fuentes de empleo \u201cnunca fueron comprometidas durante la negociaci\u00f3n\u201d.<\/p>\n\n\n\n<p class=\"wp-block-paragraph\">Se\u00f1al\u00f3 que desde mayo present\u00f3 distintas alternativas en mesas de trabajo para atender las problem\u00e1ticas productivas de la planta; sin embargo, afirm\u00f3 que ninguna fue tomada en cuenta por la empresa.<\/p>\n\n\n\n<p class=\"wp-block-paragraph\">El sindicato consider\u00f3 indispensable construir propuestas viables que permitan enfrentar la coyuntura mediante el di\u00e1logo, la responsabilidad y la defensa de los derechos laborales.<\/p>\n\n\n\n<p class=\"wp-block-paragraph\">Fuente: La <a href=\"https:\/\/www.jornada.com.mx\/noticia\/2026\/08\/31\/sociedad\/sindicato-de-la-industria-automotriz-pide-a-sus-agremiados-no-firmar-su-baja-en-volkswagen-de-mexico\">Jornada<\/a><\/p>\n","protected":false},"excerpt":{"rendered":"<p>Ante el inicio de despidos \u201cunilaterales\u201d por parte de Volkswagen de M\u00e9xico en su planta en Puebla,&nbsp;el Sindicato Independiente de Trabajadores de la Industria Automotriz (SITIAVW) pidi\u00f3 a sus agremiados no firmar su baja, y&nbsp;exigi\u00f3 a la compa\u00f1\u00eda alemana, al gobierno federal y estatal, as\u00ed como a los empresarios del sector, actuar con \u201creciprocidad y [&hellip;]<\/p>\n","protected":false},"author":35,"featured_media":230700,"comment_status":"open","ping_status":"open","sticky":false,"template":"","format":"standard","meta":{"_monsterinsights_skip_tracking":false,"footnotes":""},"categories":[157],"tags":[292,9427],"class_list":["post-230698","post","type-post","status-publish","format-standard","has-post-thumbnail","hentry","category-nacional","tag-mexico","tag-volkswagen","wp-image-borders"],"amp_enabled":true,"_links":{"self":[{"href":"https:\/\/nvnoticias.mx\/index.php\/wp-json\/wp\/v2\/posts\/230698","targetHints":{"allow":["GET"]}}],"collection":[{"href":"https:\/\/nvnoticias.mx\/index.php\/wp-json\/wp\/v2\/posts"}],"about":[{"href":"https:\/\/nvnoticias.mx\/index.php\/wp-json\/wp\/v2\/types\/post"}],"author":[{"embeddable":true,"href":"https:\/\/nvnoticias.mx\/index.php\/wp-json\/wp\/v2\/users\/35"}],"replies":[{"embeddable":true,"href":"https:\/\/nvnoticias.mx\/index.php\/wp-json\/wp\/v2\/comments?post=230698"}],"version-history":[{"count":3,"href":"https:\/\/nvnoticias.mx\/index.php\/wp-json\/wp\/v2\/posts\/230698\/revisions"}],"predecessor-version":[{"id":230702,"href":"https:\/\/nvnoticias.mx\/index.php\/wp-json\/wp\/v2\/posts\/230698\/revisions\/230702"}],"wp:featuredmedia":[{"embeddable":true,"href":"https:\/\/nvnoticias.mx\/index.php\/wp-json\/wp\/v2\/media\/230700"}],"wp:attachment":[{"href":"https:\/\/nvnoticias.mx\/index.php\/wp-json\/wp\/v2\/media?parent=230698"}],"wp:term":[{"taxonomy":"category","embeddable":true,"href":"https:\/\/nvnoticias.mx\/index.php\/wp-json\/wp\/v2\/categories?post=230698"},{"taxonomy":"post_tag","embeddable":true,"href":"https:\/\/nvnoticias.mx\/index.php\/wp-json\/wp\/v2\/tags?post=230698"}],"curies":[{"name":"wp","href":"https:\/\/api.w.org\/{rel}","templated":true}]}}