{"id":230692,"date":"2026-08-31T11:47:10","date_gmt":"2026-08-31T17:47:10","guid":{"rendered":"https:\/\/nvnoticias.mx\/?p=230692"},"modified":"2026-08-31T11:47:26","modified_gmt":"2026-08-31T17:47:26","slug":"pedro-sanchez-senala-a-israel-a-rusia-y-a-la-internacional-de-la-ultraderecha-por-crisis-migratoria-de-ceuta","status":"publish","type":"post","link":"https:\/\/nvnoticias.mx\/index.php\/2026\/08\/31\/pedro-sanchez-senala-a-israel-a-rusia-y-a-la-internacional-de-la-ultraderecha-por-crisis-migratoria-de-ceuta\/","title":{"rendered":"Pedro S\u00e1nchez se\u00f1ala a Israel, a Rusia y a la \u201cInternacional de la ultraderecha&#8221; por crisis migratoria de Ceuta"},"content":{"rendered":"\n<p class=\"wp-block-paragraph\">El presidente del gobierno espa\u00f1ol, el socialista Pedro S\u00e1nchez, se\u00f1al\u00f3 este lunes a \u201cIsrael, Rusia y una internacional de la ultraderecha\u201d tanto en el origen como en la utilizaci\u00f3n de la crisis migratoria que se vive en la ciudad aut\u00f3noma de Ceuta desde el pasado 30 de julio, a ra\u00edz de la entrada masiva de m\u00e1s de 72 mil personas, de las cuales m\u00e1s de cinco mil todav\u00eda deambulan por las calles y de los cuales alrededor de mil 200 son menores de edad.&nbsp;<\/p>\n\n\n\n<p class=\"wp-block-paragraph\">El mandatario espa\u00f1ol habl\u00f3 por primera vez de la crisis de Ceuta desde su \u00faltima comparecencia p\u00fablica, el pasado 31 de julio, ya que desde entonces ha estado de vacaciones.&nbsp;<\/p>\n\n\n\n<p class=\"wp-block-paragraph\">S\u00e1nchez dio una entrevista radiof\u00f3nica en la Cadena Ser en la que al ser preguntado si la crisis migratoria en Ceuta se puede deber a un \u201ccastigo respecto a la posici\u00f3n geopol\u00edtica de su gobierno en Gaza\u201d, el mandatario espa\u00f1ol afirm\u00f3 que en esto \u201ces muy riguroso\u201d y que se basa en informes del \u201cServicio de Acci\u00f3n Exterior de la Comisi\u00f3n Europea (CE), que ha dicho que efectivamente hubo redes rusas e israel\u00edes que propagaron estos bulos y que atacaron al gobierno de Espa\u00f1a y a los gobiernos europeos en un tema muy corrosivo como es la lucha contra la inmigraci\u00f3n irregular, que divide, fractura y polariza a las sociedades europeas.&nbsp;<\/p>\n\n\n\n<p class=\"wp-block-paragraph\">Por lo tanto no lo estoy diciendo yo, sino el Servicio de Acci\u00f3n Exterior de la CE. A partir de ah\u00ed es evidente que si Rusia e Israel se meten a desinformar sobre esta cuesti\u00f3n no ser\u00e1 porque les preocupa la migraci\u00f3n en Espa\u00f1a o en Europa sino precisamente por las posiciones pol\u00edticas que estamos manteniendo respecto al genocidio en Gaza o respecto a la invasi\u00f3n de Rusia en Ucrania\u201d, expuso.&nbsp;<\/p>\n\n\n\n<p class=\"wp-block-paragraph\">La respuesta desde Israel fue inmediata y a trav\u00e9s de su ministro de Exteriores, Gideon Sa&#8217;ar, quien asegur\u00f3 en sus redes sociales que S\u00e1nchez \u201cha mentido de nuevo, acusando asombrosamente a Israel de difundir informaci\u00f3n enga\u00f1osa respecto a los eventos en Ceuta. Esta es una mentira descarada. Continuar difundiendo mentiras difamatorias no distraer\u00e1 del fracaso vergonzoso de S\u00e1nchez para gestionar los asuntos de su pa\u00eds\u201d.&nbsp;<\/p>\n\n\n\n<p class=\"wp-block-paragraph\">S\u00e1nchez confirm\u00f3 que sus servicios de informaci\u00f3n descartaron la participaci\u00f3n del gobierno marroqu\u00ed en la entrada masiva y habl\u00f3 de una cooperaci\u00f3n total tanto en la resoluci\u00f3n de la crisis: \u201cEsta crisis solo se resuelve con la cooperaci\u00f3n y no con la falta de confianza en Marruecos, que agravar\u00eda la situaci\u00f3n. La cooperaci\u00f3n con Marruecos est\u00e1 siendo francamente positiva y no hay ninguna informaci\u00f3n por parte de ning\u00fan centro de Inteligencia que alumbre duda sobre la participaci\u00f3n de las autoridades marroqu\u00edes. La relaci\u00f3n bilateral tiene muchas aristas\u201d.<\/p>\n\n\n\n<p class=\"wp-block-paragraph\">Fuente: La <a href=\"https:\/\/www.jornada.com.mx\/noticia\/2026\/08\/31\/mundo\/pedro-sanchez-senala-a-israel-a-rusia-y-a-la-internacional-de-la-ultraderecha-en-crisis-migratoria-de-ceuta\">Jornada<\/a><\/p>\n","protected":false},"excerpt":{"rendered":"<p>El presidente del gobierno espa\u00f1ol, el socialista Pedro S\u00e1nchez, se\u00f1al\u00f3 este lunes a \u201cIsrael, Rusia y una internacional de la ultraderecha\u201d tanto en el origen como en la utilizaci\u00f3n de la crisis migratoria que se vive en la ciudad aut\u00f3noma de Ceuta desde el pasado 30 de julio, a ra\u00edz de la entrada masiva de [&hellip;]<\/p>\n","protected":false},"author":35,"featured_media":230694,"comment_status":"open","ping_status":"open","sticky":false,"template":"","format":"standard","meta":{"_monsterinsights_skip_tracking":false,"footnotes":""},"categories":[181],"tags":[33704,22115,537],"class_list":["post-230692","post","type-post","status-publish","format-standard","has-post-thumbnail","hentry","category-internacional","tag-ceuta","tag-pedro-sanchez","tag-rusia","wp-image-borders"],"amp_enabled":true,"_links":{"self":[{"href":"https:\/\/nvnoticias.mx\/index.php\/wp-json\/wp\/v2\/posts\/230692","targetHints":{"allow":["GET"]}}],"collection":[{"href":"https:\/\/nvnoticias.mx\/index.php\/wp-json\/wp\/v2\/posts"}],"about":[{"href":"https:\/\/nvnoticias.mx\/index.php\/wp-json\/wp\/v2\/types\/post"}],"author":[{"embeddable":true,"href":"https:\/\/nvnoticias.mx\/index.php\/wp-json\/wp\/v2\/users\/35"}],"replies":[{"embeddable":true,"href":"https:\/\/nvnoticias.mx\/index.php\/wp-json\/wp\/v2\/comments?post=230692"}],"version-history":[{"count":3,"href":"https:\/\/nvnoticias.mx\/index.php\/wp-json\/wp\/v2\/posts\/230692\/revisions"}],"predecessor-version":[{"id":230696,"href":"https:\/\/nvnoticias.mx\/index.php\/wp-json\/wp\/v2\/posts\/230692\/revisions\/230696"}],"wp:featuredmedia":[{"embeddable":true,"href":"https:\/\/nvnoticias.mx\/index.php\/wp-json\/wp\/v2\/media\/230694"}],"wp:attachment":[{"href":"https:\/\/nvnoticias.mx\/index.php\/wp-json\/wp\/v2\/media?parent=230692"}],"wp:term":[{"taxonomy":"category","embeddable":true,"href":"https:\/\/nvnoticias.mx\/index.php\/wp-json\/wp\/v2\/categories?post=230692"},{"taxonomy":"post_tag","embeddable":true,"href":"https:\/\/nvnoticias.mx\/index.php\/wp-json\/wp\/v2\/tags?post=230692"}],"curies":[{"name":"wp","href":"https:\/\/api.w.org\/{rel}","templated":true}]}}