{"id":230686,"date":"2026-08-31T11:41:59","date_gmt":"2026-08-31T17:41:59","guid":{"rendered":"https:\/\/nvnoticias.mx\/?p=230686"},"modified":"2026-08-31T11:42:07","modified_gmt":"2026-08-31T17:42:07","slug":"trump-promete-golpear-con-fuerza-a-iran-tras-ataques-en-bases-aereas-de-eu-en-jordania","status":"publish","type":"post","link":"https:\/\/nvnoticias.mx\/index.php\/2026\/08\/31\/trump-promete-golpear-con-fuerza-a-iran-tras-ataques-en-bases-aereas-de-eu-en-jordania\/","title":{"rendered":"Trump promete &#8220;golpear con fuerza&#8221; a Ir\u00e1n tras ataques en bases a\u00e9reas de EU en Jordania"},"content":{"rendered":"\n<p class=\"wp-block-paragraph\">El presidente de Estados Unidos, Donald Trump, prometi\u00f3 este lunes &#8220;golpear con fuerza&#8221; a Ir\u00e1n despu\u00e9s de que lanz\u00f3 misiles durante la noche contra dos bases a\u00e9reas estadunidenses en Jordania, en respuesta a un ataque del Pent\u00e1gono contra la isla iran\u00ed de Larak.<\/p>\n\n\n\n<p class=\"wp-block-paragraph\">&#8220;Vamos a golpearles con fuerza&#8221;, declar\u00f3 Trump al canal, seg\u00fan cit\u00f3 un reportero de Fox News. &#8220;Habr\u00e1 una respuesta&#8221;.<\/p>\n\n\n\n<p class=\"wp-block-paragraph\">Una fuente iran\u00ed de alto rango describi\u00f3 a Reuters las hostilidades de la noche entre Estados Unidos e Ir\u00e1n -las primeras desde fines de julio- como un &#8220;enfrentamiento limitado y contenido&#8221;, pero a\u00f1adi\u00f3 que Teher\u00e1n dar\u00e1 una respuesta contundente si vuelve a ser atacado.<\/p>\n\n\n\n<p class=\"wp-block-paragraph\">Trump tambi\u00e9n afirm\u00f3 que las defensas a\u00e9reas estadunidenses derribaron todos los misiles iran\u00edes que podr\u00edan haber causado da\u00f1os y se\u00f1al\u00f3 que las nuevas y duras sanciones econ\u00f3micas contra Ir\u00e1n est\u00e1n teniendo un gran impacto, seg\u00fan inform\u00f3 Fox News.<\/p>\n\n\n\n<p class=\"wp-block-paragraph\">Fuente: La <a href=\"https:\/\/www.jornada.com.mx\/noticia\/2026\/08\/31\/mundo\/trump-promete-golpear-con-fuerza-a-iran-tras-ataques-en-bases-aereas-de-eu-en-jordania\">Jornada<\/a><\/p>\n","protected":false},"excerpt":{"rendered":"<p>El presidente de Estados Unidos, Donald Trump, prometi\u00f3 este lunes &#8220;golpear con fuerza&#8221; a Ir\u00e1n despu\u00e9s de que lanz\u00f3 misiles durante la noche contra dos bases a\u00e9reas estadunidenses en Jordania, en respuesta a un ataque del Pent\u00e1gono contra la isla iran\u00ed de Larak. &#8220;Vamos a golpearles con fuerza&#8221;, declar\u00f3 Trump al canal, seg\u00fan cit\u00f3 un [&hellip;]<\/p>\n","protected":false},"author":35,"featured_media":230688,"comment_status":"open","ping_status":"open","sticky":false,"template":"","format":"standard","meta":{"_monsterinsights_skip_tracking":false,"footnotes":""},"categories":[181],"tags":[230,183,32996],"class_list":["post-230686","post","type-post","status-publish","format-standard","has-post-thumbnail","hentry","category-internacional","tag-donald-trump","tag-estados-unidos","tag-jordania","wp-image-borders"],"amp_enabled":true,"_links":{"self":[{"href":"https:\/\/nvnoticias.mx\/index.php\/wp-json\/wp\/v2\/posts\/230686","targetHints":{"allow":["GET"]}}],"collection":[{"href":"https:\/\/nvnoticias.mx\/index.php\/wp-json\/wp\/v2\/posts"}],"about":[{"href":"https:\/\/nvnoticias.mx\/index.php\/wp-json\/wp\/v2\/types\/post"}],"author":[{"embeddable":true,"href":"https:\/\/nvnoticias.mx\/index.php\/wp-json\/wp\/v2\/users\/35"}],"replies":[{"embeddable":true,"href":"https:\/\/nvnoticias.mx\/index.php\/wp-json\/wp\/v2\/comments?post=230686"}],"version-history":[{"count":3,"href":"https:\/\/nvnoticias.mx\/index.php\/wp-json\/wp\/v2\/posts\/230686\/revisions"}],"predecessor-version":[{"id":230690,"href":"https:\/\/nvnoticias.mx\/index.php\/wp-json\/wp\/v2\/posts\/230686\/revisions\/230690"}],"wp:featuredmedia":[{"embeddable":true,"href":"https:\/\/nvnoticias.mx\/index.php\/wp-json\/wp\/v2\/media\/230688"}],"wp:attachment":[{"href":"https:\/\/nvnoticias.mx\/index.php\/wp-json\/wp\/v2\/media?parent=230686"}],"wp:term":[{"taxonomy":"category","embeddable":true,"href":"https:\/\/nvnoticias.mx\/index.php\/wp-json\/wp\/v2\/categories?post=230686"},{"taxonomy":"post_tag","embeddable":true,"href":"https:\/\/nvnoticias.mx\/index.php\/wp-json\/wp\/v2\/tags?post=230686"}],"curies":[{"name":"wp","href":"https:\/\/api.w.org\/{rel}","templated":true}]}}