{"id":230681,"date":"2026-08-31T11:36:45","date_gmt":"2026-08-31T17:36:45","guid":{"rendered":"https:\/\/nvnoticias.mx\/?p=230681"},"modified":"2026-08-31T11:36:53","modified_gmt":"2026-08-31T17:36:53","slug":"eu-prohibe-acceso-de-algunos-periodistas-a-reunion-del-g20","status":"publish","type":"post","link":"https:\/\/nvnoticias.mx\/index.php\/2026\/08\/31\/eu-prohibe-acceso-de-algunos-periodistas-a-reunion-del-g20\/","title":{"rendered":"EU proh\u00edbe acceso de algunos periodistas a reuni\u00f3n del G20"},"content":{"rendered":"\n<p class=\"wp-block-paragraph\">Estados Unidos le prohibi\u00f3 a ciertos periodistas cubrir la reuni\u00f3n del G20 que se realizar\u00e1 esta semana en Carolina del Norte, el ejemplo m\u00e1s reciente de c\u00f3mo el gobierno del presidente Donald Trump restringe el acceso de la prensa.&nbsp;<\/p>\n\n\n\n<p class=\"wp-block-paragraph\">Reporteros individuales del&nbsp;<em>New York Times<\/em>, el&nbsp;<em>Wall Street Journal&nbsp;<\/em>y&nbsp;<em>Bloomberg New<\/em>s fueron rechazados para la reuni\u00f3n de ministros de finanzas del Grupo de los 20 en Asheville, Carolina del Norte, report\u00f3 el&nbsp;<em>New York Times<\/em>.&nbsp;<\/p>\n\n\n\n<p class=\"wp-block-paragraph\">La decisi\u00f3n provino del Departamento del Tesoro, que no ha dado explicaciones. El secretario del Tesoro, Scott Bessent, declar\u00f3 a The Associated Press en una entrevista el domingo que \u201cno tiene nada que ver con el punto de vista\u201d.&nbsp;<\/p>\n\n\n\n<p class=\"wp-block-paragraph\">Entre los reporteros a quienes se les neg\u00f3 el acceso est\u00e1 Alan Rappeport, del&nbsp;<em>New York Times<\/em>, quien ha cubierto este tipo de reuniones y al Departamento del Tesoro desde 2017.&nbsp;<\/p>\n\n\n\n<p class=\"wp-block-paragraph\">Sin embargo, otro reportero del Times, el jefe de la oficina en Berl\u00edn, Jim Tankersley, s\u00ed tiene permitido asistir.&nbsp;<\/p>\n\n\n\n<p class=\"wp-block-paragraph\">El<em>&nbsp;Times&nbsp;<\/em>se\u00f1al\u00f3 en un comunicado que negar a periodistas estadunidenses el acceso a un evento en Estados Unidos \u201cno es solo otro inquietante esfuerzo del gobierno por socavar el periodismo independiente, sino un intento descarado de eludir el escrutinio p\u00fablico\u201d.&nbsp;<\/p>\n\n\n\n<p class=\"wp-block-paragraph\">\u201cCon la guerra en Ir\u00e1n, las sanciones, los mercados de bonos y la inflaci\u00f3n en la agenda de los ministros de Finanzas del G20, lo que est\u00e1 en juego en esta reuni\u00f3n es significativo para la econom\u00eda mundial y para el pueblo estadounidense\u201d, indic\u00f3 el Times. \u201cExcluir a reporteros espec\u00edficos y a organizaciones informativas enteras es un perjuicio para el p\u00fablico y un ataque a las libertades de prensa que condenamos en\u00e9rgicamente\u201d.&nbsp;<\/p>\n\n\n\n<p class=\"wp-block-paragraph\">Bloomberg News, en una nota publicada la noche del domingo, indic\u00f3 que \u201cnumerosos\u201d periodistas de la agencia, incluidos algunos con base en Europa y Asia, vieron rechazadas sus solicitudes de acreditaci\u00f3n. Se\u00f1al\u00f3 que negar a la agencia el acceso a la reuni\u00f3n \u201csocava la libertad de prensa y la rendici\u00f3n de cuentas p\u00fablica\u201d.&nbsp;<\/p>\n\n\n\n<p class=\"wp-block-paragraph\">El Wall Street Journal declin\u00f3 hacer comentarios. Bessent es el anfitri\u00f3n de la reuni\u00f3n del G20, que se celebra de s\u00e1bado a martes. Incluye a<br>ministros de finanzas, gobernadores de bancos centrales y altos funcionarios de las principales econom\u00edas del mundo. La cumbre del G20 de este a\u00f1o se realizar\u00e1 en diciembre en el club de golf de Trump en Doral, Florida.&nbsp;<\/p>\n\n\n\n<p class=\"wp-block-paragraph\">Las tensiones han ido en aumento entre los medios de comunicaci\u00f3n norteamericanos y el segundo gobierno de Trump, y se han manifestado tanto en el \u00e1mbito p\u00fablico como en los tribunales.<\/p>\n\n\n\n<p class=\"wp-block-paragraph\">Por ejemplo, el Departamento de Defensa declar\u00f3 a principios de este a\u00f1o que su oficina de prensa se hab\u00eda convertido en un espacio clasificado inaccesible para los periodistas. La expulsi\u00f3n se produjo despu\u00e9s de que el Pent\u00e1gono exigiera que los reporteros aceptaran<br>restricciones sobre su trabajo, lo que llev\u00f3 a la mayor\u00eda de los medios a abandonar el edificio el oto\u00f1o pasado.&nbsp;<\/p>\n\n\n\n<p class=\"wp-block-paragraph\">The Associated Press tambi\u00e9n ha demandado a Trump por el acceso al grupo de prensa de la Casa Blanca. El acceso de la organizaci\u00f3n informativa se vio limitado por mantener el nombre \u201cGolfo de M\u00e9xico\u201d despu\u00e9s de que el gobierno ordenara rebautizarlo como \u201cGolfo<br>de Estados Unidos\u201d.&nbsp;<\/p>\n\n\n\n<p class=\"wp-block-paragraph\">Fuente: La <a href=\"https:\/\/www.jornada.com.mx\/noticia\/2026\/08\/31\/mundo\/eu-prohibe-acceso-de-algunos-periodistas-a-reunion-del-g20\">Jornada<\/a><\/p>\n","protected":false},"excerpt":{"rendered":"<p>Estados Unidos le prohibi\u00f3 a ciertos periodistas cubrir la reuni\u00f3n del G20 que se realizar\u00e1 esta semana en Carolina del Norte, el ejemplo m\u00e1s reciente de c\u00f3mo el gobierno del presidente Donald Trump restringe el acceso de la prensa.&nbsp; Reporteros individuales del&nbsp;New York Times, el&nbsp;Wall Street Journal&nbsp;y&nbsp;Bloomberg News fueron rechazados para la reuni\u00f3n de ministros [&hellip;]<\/p>\n","protected":false},"author":35,"featured_media":230683,"comment_status":"open","ping_status":"open","sticky":false,"template":"","format":"standard","meta":{"_monsterinsights_skip_tracking":false,"footnotes":""},"categories":[181],"tags":[183,4946],"class_list":["post-230681","post","type-post","status-publish","format-standard","has-post-thumbnail","hentry","category-internacional","tag-estados-unidos","tag-g20","wp-image-borders"],"amp_enabled":true,"_links":{"self":[{"href":"https:\/\/nvnoticias.mx\/index.php\/wp-json\/wp\/v2\/posts\/230681","targetHints":{"allow":["GET"]}}],"collection":[{"href":"https:\/\/nvnoticias.mx\/index.php\/wp-json\/wp\/v2\/posts"}],"about":[{"href":"https:\/\/nvnoticias.mx\/index.php\/wp-json\/wp\/v2\/types\/post"}],"author":[{"embeddable":true,"href":"https:\/\/nvnoticias.mx\/index.php\/wp-json\/wp\/v2\/users\/35"}],"replies":[{"embeddable":true,"href":"https:\/\/nvnoticias.mx\/index.php\/wp-json\/wp\/v2\/comments?post=230681"}],"version-history":[{"count":2,"href":"https:\/\/nvnoticias.mx\/index.php\/wp-json\/wp\/v2\/posts\/230681\/revisions"}],"predecessor-version":[{"id":230684,"href":"https:\/\/nvnoticias.mx\/index.php\/wp-json\/wp\/v2\/posts\/230681\/revisions\/230684"}],"wp:featuredmedia":[{"embeddable":true,"href":"https:\/\/nvnoticias.mx\/index.php\/wp-json\/wp\/v2\/media\/230683"}],"wp:attachment":[{"href":"https:\/\/nvnoticias.mx\/index.php\/wp-json\/wp\/v2\/media?parent=230681"}],"wp:term":[{"taxonomy":"category","embeddable":true,"href":"https:\/\/nvnoticias.mx\/index.php\/wp-json\/wp\/v2\/categories?post=230681"},{"taxonomy":"post_tag","embeddable":true,"href":"https:\/\/nvnoticias.mx\/index.php\/wp-json\/wp\/v2\/tags?post=230681"}],"curies":[{"name":"wp","href":"https:\/\/api.w.org\/{rel}","templated":true}]}}