{"id":230674,"date":"2026-08-31T11:31:18","date_gmt":"2026-08-31T17:31:18","guid":{"rendered":"https:\/\/nvnoticias.mx\/?p=230674"},"modified":"2026-08-31T11:31:26","modified_gmt":"2026-08-31T17:31:26","slug":"coche-bomba-explota-en-plena-feria-de-ojocaliente","status":"publish","type":"post","link":"https:\/\/nvnoticias.mx\/index.php\/2026\/08\/31\/coche-bomba-explota-en-plena-feria-de-ojocaliente\/","title":{"rendered":"Coche bomba explota en plena feria de Ojocaliente"},"content":{"rendered":"\n<p class=\"wp-block-paragraph\"><strong>Una polic\u00eda municipal y seis civiles resultaron lesionados<\/strong>\u00a0tras la explosi\u00f3n de un coche bomba frente a la Comandancia de Seguridad P\u00fablica de Ojocaliente,\u00a0Zacatecas, la noche del domingo 30 de agosto.<\/p>\n\n\n\n<p class=\"wp-block-paragraph\">La detonaci\u00f3n tambi\u00e9n provoc\u00f3 da\u00f1os en&nbsp;<strong>11 veh\u00edculos particulares, dos patrullas y edificios ubicados en las inmediaciones<\/strong>, por lo que el Ayuntamiento suspendi\u00f3 clases y la atenci\u00f3n al p\u00fablico en oficinas municipales como medida preventiva.<\/p>\n\n\n\n<p class=\"wp-block-paragraph\">El secretario general de\u00a0Gobierno de Zacatecas,\u00a0<strong>Rodrigo Reyes Mug\u00fcerza<\/strong>, confirm\u00f3 que siete personas resultaron lesionadas tras la explosi\u00f3n registrada frente a las instalaciones de la Polic\u00eda Municipal.<\/p>\n\n\n\n<p class=\"wp-block-paragraph\">Entre las v\u00edctimas se encuentra una&nbsp;<strong>elemento de la Polic\u00eda Municipal y seis civiles<\/strong>, quienes fueron trasladados a distintos centros hospitalarios para recibir atenci\u00f3n m\u00e9dica. Hasta el momento, las autoridades no han informado sobre la gravedad de sus lesiones.<\/p>\n\n\n\n<p class=\"wp-block-paragraph\">Fuente: El <a href=\"https:\/\/www.elfinanciero.com.mx\/estados\/2026\/08\/31\/noche-de-terror-en-zacatecas-coche-bomba-explota-en-plena-feria-de-ojocaliente-hay-7-heridos\/\">Financiero<\/a><\/p>\n","protected":false},"excerpt":{"rendered":"<p>Una polic\u00eda municipal y seis civiles resultaron lesionados\u00a0tras la explosi\u00f3n de un coche bomba frente a la Comandancia de Seguridad P\u00fablica de Ojocaliente,\u00a0Zacatecas, la noche del domingo 30 de agosto. La detonaci\u00f3n tambi\u00e9n provoc\u00f3 da\u00f1os en&nbsp;11 veh\u00edculos particulares, dos patrullas y edificios ubicados en las inmediaciones, por lo que el Ayuntamiento suspendi\u00f3 clases y la [&hellip;]<\/p>\n","protected":false},"author":35,"featured_media":230675,"comment_status":"open","ping_status":"open","sticky":false,"template":"","format":"standard","meta":{"_monsterinsights_skip_tracking":false,"footnotes":""},"categories":[157],"tags":[5719,18736,162],"class_list":["post-230674","post","type-post","status-publish","format-standard","has-post-thumbnail","hentry","category-nacional","tag-bomba","tag-coche","tag-portada","wp-image-borders"],"amp_enabled":true,"_links":{"self":[{"href":"https:\/\/nvnoticias.mx\/index.php\/wp-json\/wp\/v2\/posts\/230674","targetHints":{"allow":["GET"]}}],"collection":[{"href":"https:\/\/nvnoticias.mx\/index.php\/wp-json\/wp\/v2\/posts"}],"about":[{"href":"https:\/\/nvnoticias.mx\/index.php\/wp-json\/wp\/v2\/types\/post"}],"author":[{"embeddable":true,"href":"https:\/\/nvnoticias.mx\/index.php\/wp-json\/wp\/v2\/users\/35"}],"replies":[{"embeddable":true,"href":"https:\/\/nvnoticias.mx\/index.php\/wp-json\/wp\/v2\/comments?post=230674"}],"version-history":[{"count":3,"href":"https:\/\/nvnoticias.mx\/index.php\/wp-json\/wp\/v2\/posts\/230674\/revisions"}],"predecessor-version":[{"id":230678,"href":"https:\/\/nvnoticias.mx\/index.php\/wp-json\/wp\/v2\/posts\/230674\/revisions\/230678"}],"wp:featuredmedia":[{"embeddable":true,"href":"https:\/\/nvnoticias.mx\/index.php\/wp-json\/wp\/v2\/media\/230675"}],"wp:attachment":[{"href":"https:\/\/nvnoticias.mx\/index.php\/wp-json\/wp\/v2\/media?parent=230674"}],"wp:term":[{"taxonomy":"category","embeddable":true,"href":"https:\/\/nvnoticias.mx\/index.php\/wp-json\/wp\/v2\/categories?post=230674"},{"taxonomy":"post_tag","embeddable":true,"href":"https:\/\/nvnoticias.mx\/index.php\/wp-json\/wp\/v2\/tags?post=230674"}],"curies":[{"name":"wp","href":"https:\/\/api.w.org\/{rel}","templated":true}]}}