{"id":230665,"date":"2026-08-31T10:32:48","date_gmt":"2026-08-31T16:32:48","guid":{"rendered":"https:\/\/nvnoticias.mx\/?p=230665"},"modified":"2026-08-31T10:32:55","modified_gmt":"2026-08-31T16:32:55","slug":"en-regreso-a-clases-sheinbaum-anuncia-programa-abc-de-las-emociones-para-atender-salud-mental-en-secundarias","status":"publish","type":"post","link":"https:\/\/nvnoticias.mx\/index.php\/2026\/08\/31\/en-regreso-a-clases-sheinbaum-anuncia-programa-abc-de-las-emociones-para-atender-salud-mental-en-secundarias\/","title":{"rendered":"En regreso a clases, Sheinbaum anuncia programa ABC de las emociones para atender salud mental en secundarias"},"content":{"rendered":"\n<p class=\"wp-block-paragraph\">Durante la inauguraci\u00f3n del nuevo ciclo escolar que encabez\u00f3 en la secundaria t\u00e9cnica n\u00famero 10 de la Ciudad de M\u00e9xico, la presienta Claudia Sheinbaum subray\u00f3 que a partir de este a\u00f1o escolar comenzar\u00e1 el programa &nbsp;el ABC de la emociones , dirigido especialmente los adolescentes que estudian la escuela secundaria con el objeto de acompa\u00f1ar y orientar a los j\u00f3venes que en esta etapa registran muchos cambios f\u00edsicos y an\u00edmicos que en muchas ocasiones requieren de apoyo de docentes , los padres de familia y del propio gobierno.<\/p>\n\n\n\n<p class=\"wp-block-paragraph\">Acompa\u00f1ada de la Jefa de Gobierno, Clara Brugada y el secretario de a educaci\u00f3n p\u00fablica, Mario Delgado, la mandataria dijo que este programa tiene dise\u00f1ado toda una metodolog\u00eda para que una vez \u00a0al semana se destine en la escuelas la participaci\u00f3n sobre estos cambios en la etapa coles ente mediante sociodramas, expresiones colectivas y apoyos de los docentes para que entiendan y expongan los cambios que tienen en la adolescencia.<\/p>\n\n\n\n<p class=\"wp-block-paragraph\">Precis\u00f3 que todos los lunes lo vamos a poder platicar en el sal\u00f3n de clases y adem\u00e1s el gobierno va a estar cerca de todas y todos con los 16 millones de gu\u00edas que se imprimieron para su distribuci\u00f3n . Adem\u00e1s en asambleas &nbsp;con los madres y padres de familia con maestras y maestros para explicarles &nbsp;problemas emocionales que vivimos todos en la adolescencia.<\/p>\n\n\n\n<p class=\"wp-block-paragraph\">Les explico que &nbsp;es un periodo en donde cambiaan \u201cmuchas cosas cambia nuestro cuerpo cambia nuestra mente cambia nuestra relaci\u00f3n con las personas y todo eso debemos platicarlo\u201d.<\/p>\n\n\n\n<p class=\"wp-block-paragraph\">Durante la conferencia efectuada en la secundaria t\u00e9cnica, la subsecretaria de educaci\u00f3n Media Superior, Tania Rodr\u00edguez, detall\u00f3 que este a\u00f1os escolar que en arranca , se instrumentara por primera vez este programa sobre la base de qu\u00e9 los adolescentes ser\u00e1 el centro de nuestra atenci\u00f3n.&nbsp;<\/p>\n\n\n\n<blockquote class=\"wp-block-quote is-layout-flow wp-block-quote-is-layout-flow\">\n<p class=\"wp-block-paragraph\">Es un programa con un \u201cun enfoque preventivo comunitario y que llegue a todo el pa\u00eds por eso es territorial cada vez escuela del pa\u00eds a cada lugar donde hay adolescentes que necesiten conversar platicar y que los acompa\u00f1emos. Nos interesa cuidar nuestro bienestar sociocional, fundamentalmente fortaleciendo nuestros lazos de comunicaci\u00f3n, convivencia en las escuelas, la convivencia y la familia y nuestra capacidad de comunicarnos \u201c.<\/p>\n<\/blockquote>\n\n\n\n<p class=\"wp-block-paragraph\">La subsecretaria explic\u00f3 que se distribuir\u00e1n 16 millones de gu\u00edas, como,parte de una estrategia integral. Se distribuir\u00e1n 7.5 millones de gu\u00edas dirigidas a los dolescenres, 7.5 millones a los padres y un mill\u00f3n a los docentes.&nbsp;<\/p>\n\n\n\n<p class=\"wp-block-paragraph\">Rodr\u00edguez dijo que se va a trabajar con esas gu\u00edas y ejercicios en las aulas. \u201cVamos a tener visitas de funcionarios p\u00fablicos para acercarnos por parte de todos los niveles de gobierno a las escuelas\u201d.<\/p>\n\n\n\n<p class=\"wp-block-paragraph\">Adem\u00e1s, ya se tienen preparados ejercicios y actividades did\u00e1cticas y l\u00fadicas de integraci\u00f3n para que se trabajen en el aula. Se va a convocar en todas las escuelas del pa\u00eds a asambleas informativas con madres, padres y personas cuidadoras.<\/p>\n\n\n\n<p class=\"wp-block-paragraph\">Fuente: La <a href=\"https:\/\/www.jornada.com.mx\/noticia\/2026\/08\/31\/politica\/en-regreso-a-clases-sheinbaum-anuncia-programa-abc-de-las-emociones-para-atender-salud-mental-en-secundarias\">Jornada<\/a><\/p>\n","protected":false},"excerpt":{"rendered":"<p>Durante la inauguraci\u00f3n del nuevo ciclo escolar que encabez\u00f3 en la secundaria t\u00e9cnica n\u00famero 10 de la Ciudad de M\u00e9xico, la presienta Claudia Sheinbaum subray\u00f3 que a partir de este a\u00f1o escolar comenzar\u00e1 el programa &nbsp;el ABC de la emociones , dirigido especialmente los adolescentes que estudian la escuela secundaria con el objeto de acompa\u00f1ar [&hellip;]<\/p>\n","protected":false},"author":35,"featured_media":230667,"comment_status":"open","ping_status":"open","sticky":false,"template":"","format":"standard","meta":{"_monsterinsights_skip_tracking":false,"footnotes":""},"categories":[157],"tags":[2801,33884],"class_list":["post-230665","post","type-post","status-publish","format-standard","has-post-thumbnail","hentry","category-nacional","tag-claudia-sheinbaum","tag-programa-abc","wp-image-borders"],"amp_enabled":true,"_links":{"self":[{"href":"https:\/\/nvnoticias.mx\/index.php\/wp-json\/wp\/v2\/posts\/230665","targetHints":{"allow":["GET"]}}],"collection":[{"href":"https:\/\/nvnoticias.mx\/index.php\/wp-json\/wp\/v2\/posts"}],"about":[{"href":"https:\/\/nvnoticias.mx\/index.php\/wp-json\/wp\/v2\/types\/post"}],"author":[{"embeddable":true,"href":"https:\/\/nvnoticias.mx\/index.php\/wp-json\/wp\/v2\/users\/35"}],"replies":[{"embeddable":true,"href":"https:\/\/nvnoticias.mx\/index.php\/wp-json\/wp\/v2\/comments?post=230665"}],"version-history":[{"count":5,"href":"https:\/\/nvnoticias.mx\/index.php\/wp-json\/wp\/v2\/posts\/230665\/revisions"}],"predecessor-version":[{"id":230671,"href":"https:\/\/nvnoticias.mx\/index.php\/wp-json\/wp\/v2\/posts\/230665\/revisions\/230671"}],"wp:featuredmedia":[{"embeddable":true,"href":"https:\/\/nvnoticias.mx\/index.php\/wp-json\/wp\/v2\/media\/230667"}],"wp:attachment":[{"href":"https:\/\/nvnoticias.mx\/index.php\/wp-json\/wp\/v2\/media?parent=230665"}],"wp:term":[{"taxonomy":"category","embeddable":true,"href":"https:\/\/nvnoticias.mx\/index.php\/wp-json\/wp\/v2\/categories?post=230665"},{"taxonomy":"post_tag","embeddable":true,"href":"https:\/\/nvnoticias.mx\/index.php\/wp-json\/wp\/v2\/tags?post=230665"}],"curies":[{"name":"wp","href":"https:\/\/api.w.org\/{rel}","templated":true}]}}