{"id":230657,"date":"2026-08-31T10:18:09","date_gmt":"2026-08-31T16:18:09","guid":{"rendered":"https:\/\/nvnoticias.mx\/?p=230657"},"modified":"2026-08-31T10:18:17","modified_gmt":"2026-08-31T16:18:17","slug":"ocho-de-cada-10-maestros-estan-a-favor-de-regular-el-uso-de-celulares-en-escuelas-sheinbaum","status":"publish","type":"post","link":"https:\/\/nvnoticias.mx\/index.php\/2026\/08\/31\/ocho-de-cada-10-maestros-estan-a-favor-de-regular-el-uso-de-celulares-en-escuelas-sheinbaum\/","title":{"rendered":"Ocho de cada 10 maestros est\u00e1n a favor de regular el uso de celulares en escuelas: Sheinbaum"},"content":{"rendered":"\n<p class=\"wp-block-paragraph\">Ocho de cada diez maestros del pa\u00eds se ha pronunciado porque se regule el uso de tel\u00e9fonos celulares en las escuelas.&nbsp;<\/p>\n\n\n\n<p class=\"wp-block-paragraph\">Tras la aplicaci\u00f3n de Consulta Nacional para el Uso y Regulaci\u00f3n de Dispositivos Digitales entre m\u00e1s de 565 mil docentes, la presidenta Claudia Sheinbaum Pardo detall\u00f3 que 81 por ciento de los encuestados \u201cest\u00e1n de acuerdo en que no se utilicen los celulares a la hora de clases y del recreo, que por lo menos en el espacio de la escuela no se est\u00e9n usando\u201d.&nbsp;<\/p>\n\n\n\n<p class=\"wp-block-paragraph\">Por ello, adelant\u00f3, se trabaja para definir la regulaci\u00f3n en esa materia en la pr\u00f3xima comisi\u00f3n en la que participar\u00e1n todos los secretarios de educaci\u00f3n p\u00fablica del pa\u00eds. &nbsp;<\/p>\n\n\n\n<p class=\"wp-block-paragraph\">Durante la ma\u00f1anera de este lunes \u2014que por primera ocasi\u00f3n se realiz\u00f3 en las instalaciones de una escuela p\u00fablica, la secundaria n\u00famero 10 \u201cArtes gr\u00e1ficas\u201d, en la alcald\u00eda Cuauht\u00e9moc en la Ciudad de M\u00e9xico, con motivo del inicio del ciclo escolar 2026-2027\u2014, la jefa del Ejecutivo federal plante\u00f3 que el objetivo es que las ni\u00f1as, los ni\u00f1os y j\u00f3venes disminuyan el uso de esos dispositivos. &nbsp;<\/p>\n\n\n\n<p class=\"wp-block-paragraph\">\u201cEso es lo que no queremos que pase, que un ni\u00f1o, ni\u00f1a, adolescente en vez de estar jugando, estudiando, leyendo, se la pase todo el d\u00eda metido en el celular, escroleando como se le llama, por eso queremos limitar, informar. Porque si uno est\u00e1 todo el d\u00eda metido en el celular, \u00bfa qu\u00e9 hora juega con los amigos? \u00bfA qu\u00e9 hora lee?\u201d.&nbsp;<\/p>\n\n\n\n<p class=\"wp-block-paragraph\">Destac\u00f3 el juicio reciente en Estados Unidos contra la empresa Meta Platforms, de Mark Zuckerberg \u2014operadora de plataformas como Instagram, Facebook , WhatsApp y Threads\u2014 en la que hubo una resoluci\u00f3n contra la firma por crear adicci\u00f3n a las redes sociales, en la que el magnate de la tecnolog\u00eda tendr\u00e1 que pagar 16 mil millones de d\u00f3lares.&nbsp;<\/p>\n\n\n\n<p class=\"wp-block-paragraph\">\u201cLa empresa Meta acept\u00f3, porque el juicio lo que establec\u00eda es que a prop\u00f3sito, no como algo que hubiera ocurrido a partir de un dise\u00f1o, sino que de manera deliberada hab\u00eda un dise\u00f1o en las redes sociales para generar adicci\u00f3n a \u00e9stas y que los mensajes en desde estas plataformas provocados por esa adicci\u00f3n muchas veces eran mensajes negativos para los ni\u00f1os y los j\u00f3venes. &nbsp;<\/p>\n\n\n\n<p class=\"wp-block-paragraph\">\u201cHuno una resoluci\u00f3n, y Meta va a tener que pagar un monto muy importante. Pero adem\u00e1s que es muy relevante es que definen una serie de regulaciones para el uso de las redes sociales y plataformas en particular de Meta para las ni\u00f1as, ni\u00f1os y j\u00f3venes. Esto ya no es s\u00f3lo una interpretaci\u00f3n de alguien, sino un juicio que se llev\u00f3 a cabo y tuvo estas resoluciones\u201d, afirm\u00f3 Sheinbaum Pardo. &nbsp;<\/p>\n\n\n\n<p class=\"wp-block-paragraph\">Por su parte, al dar a conocer los detalles de la consulta, el titular de la Secretar\u00eda de Educaci\u00f3n P\u00fablica, Mario Delgado, indic\u00f3 que 40 por ciento de los docentes encuestados se\u00f1alaron que los estudiantes llevan sobre todo el celular a las aulas y 24 por ciento dijeron que utilizan relojes inteligentes. &nbsp;<\/p>\n\n\n\n<p class=\"wp-block-paragraph\">Asimismo, 48 por ciento de los docentes consider\u00f3 que el uso de esos dispositivos dificulta que los estudiantes mantengan la atenci\u00f3n en clase y 38 por ciento afirm\u00f3 que interrumpen las actividades escolares. &nbsp;<\/p>\n\n\n\n<p class=\"wp-block-paragraph\">El 34 por ciento de los profesores se\u00f1al\u00f3 que el celular en las escuelas genera que los ni\u00f1os y j\u00f3venes abandonen alguna convivencia con sus compa\u00f1eros y maestros y 37.8 por ciento detect\u00f3 que los conflictos que se generan en las redes sociales se trasladan a las aulas y los colegios.<\/p>\n\n\n\n<p class=\"wp-block-paragraph\">Delgado apunt\u00f3 que la mitad de los encuestados (51 por ciento) propone que existan \u201cprotocolos para atender situaciones de riesgo, que haya acuerdos con los padres de familia para atender este tema\u201d.&nbsp;<\/p>\n\n\n\n<p class=\"wp-block-paragraph\">Refiri\u00f3 que el viernes de la semana pasada se presentaron los resultados de la consulta durante la Segunda Reuni\u00f3n Nacional Plenaria Extraordinaria del Consejo Nacional de Autoridades Educativas, que se realiz\u00f3 de forma virtual.<\/p>\n\n\n\n<p class=\"wp-block-paragraph\">Fuente: La <a href=\"https:\/\/www.jornada.com.mx\/noticia\/2026\/08\/31\/politica\/ocho-de-cada-10-maestros-estan-a-favor-de-regular-el-uso-de-celulares-en-escuelas-sheinbaum\">Jornada<\/a><\/p>\n","protected":false},"excerpt":{"rendered":"<p>Ocho de cada diez maestros del pa\u00eds se ha pronunciado porque se regule el uso de tel\u00e9fonos celulares en las escuelas.&nbsp; Tras la aplicaci\u00f3n de Consulta Nacional para el Uso y Regulaci\u00f3n de Dispositivos Digitales entre m\u00e1s de 565 mil docentes, la presidenta Claudia Sheinbaum Pardo detall\u00f3 que 81 por ciento de los encuestados \u201cest\u00e1n [&hellip;]<\/p>\n","protected":false},"author":35,"featured_media":230659,"comment_status":"open","ping_status":"open","sticky":false,"template":"","format":"standard","meta":{"_monsterinsights_skip_tracking":false,"footnotes":""},"categories":[157],"tags":[1885,2801,635],"class_list":["post-230657","post","type-post","status-publish","format-standard","has-post-thumbnail","hentry","category-nacional","tag-alumnos","tag-claudia-sheinbaum","tag-maestros","wp-image-borders"],"amp_enabled":true,"_links":{"self":[{"href":"https:\/\/nvnoticias.mx\/index.php\/wp-json\/wp\/v2\/posts\/230657","targetHints":{"allow":["GET"]}}],"collection":[{"href":"https:\/\/nvnoticias.mx\/index.php\/wp-json\/wp\/v2\/posts"}],"about":[{"href":"https:\/\/nvnoticias.mx\/index.php\/wp-json\/wp\/v2\/types\/post"}],"author":[{"embeddable":true,"href":"https:\/\/nvnoticias.mx\/index.php\/wp-json\/wp\/v2\/users\/35"}],"replies":[{"embeddable":true,"href":"https:\/\/nvnoticias.mx\/index.php\/wp-json\/wp\/v2\/comments?post=230657"}],"version-history":[{"count":3,"href":"https:\/\/nvnoticias.mx\/index.php\/wp-json\/wp\/v2\/posts\/230657\/revisions"}],"predecessor-version":[{"id":230661,"href":"https:\/\/nvnoticias.mx\/index.php\/wp-json\/wp\/v2\/posts\/230657\/revisions\/230661"}],"wp:featuredmedia":[{"embeddable":true,"href":"https:\/\/nvnoticias.mx\/index.php\/wp-json\/wp\/v2\/media\/230659"}],"wp:attachment":[{"href":"https:\/\/nvnoticias.mx\/index.php\/wp-json\/wp\/v2\/media?parent=230657"}],"wp:term":[{"taxonomy":"category","embeddable":true,"href":"https:\/\/nvnoticias.mx\/index.php\/wp-json\/wp\/v2\/categories?post=230657"},{"taxonomy":"post_tag","embeddable":true,"href":"https:\/\/nvnoticias.mx\/index.php\/wp-json\/wp\/v2\/tags?post=230657"}],"curies":[{"name":"wp","href":"https:\/\/api.w.org\/{rel}","templated":true}]}}