{"id":230654,"date":"2026-08-31T09:48:40","date_gmt":"2026-08-31T15:48:40","guid":{"rendered":"https:\/\/nvnoticias.mx\/?p=230654"},"modified":"2026-08-31T09:48:46","modified_gmt":"2026-08-31T15:48:46","slug":"quien-le-responde-al-poder-cuando-el-poder-informa","status":"publish","type":"post","link":"https:\/\/nvnoticias.mx\/index.php\/2026\/08\/31\/quien-le-responde-al-poder-cuando-el-poder-informa\/","title":{"rendered":"\u00bfQui\u00e9n le responde al poder cuando el poder informa?"},"content":{"rendered":"\n<p class=\"wp-block-paragraph\"><\/p>\n\n\n\n<div class=\"wp-block-group\"><div class=\"wp-block-group__inner-container is-layout-constrained wp-block-group-is-layout-constrained\">\n<p class=\"wp-block-paragraph\"><strong>Alguien como t\u00fa.<\/strong><\/p>\n\n\n\n<p class=\"wp-block-paragraph\"><strong>Gladys P\u00e9rez Maldonado.<\/strong><\/p>\n<\/div><\/div>\n\n\n\n<p class=\"wp-block-paragraph\">En una democracia, el poder tiene derecho a comunicar. Puede explicar sus decisiones, defender sus pol\u00edticas, responder a sus cr\u00edticos e incluso cuestionar p\u00fablicamente versiones que considere falsas. Lo que no deber\u00eda tener es el privilegio de hablar sin posibilidad efectiva de contradicci\u00f3n.<\/p>\n\n\n\n<p class=\"wp-block-paragraph\">Ese es el fondo del debate que hoy se abre en M\u00e9xico alrededor del derecho de r\u00e9plica en las conferencias presidenciales.<\/p>\n\n\n\n<p class=\"wp-block-paragraph\">El 13 de agosto se conoci\u00f3 una iniciativa del PAN que busca incluir expresamente a las llamadas <em>Ma\u00f1aneras<\/em> entre los espacios sujetos al derecho de r\u00e9plica cuando desde esa tribuna se difundan datos falsos o inexactos que causen agravio a una persona. La propuesta surge precisamente cuando el Gobierno impulsa tambi\u00e9n una discusi\u00f3n sobre los derechos de las audiencias y las obligaciones de los medios de comunicaci\u00f3n.<\/p>\n\n\n\n<p class=\"wp-block-paragraph\">La coincidencia resulta pol\u00edticamente inc\u00f3moda, pero jur\u00eddicamente interesante.<\/p>\n\n\n\n<p class=\"wp-block-paragraph\">Si exigimos responsabilidad a los medios por aquello que informan, \u00bfpor qu\u00e9 no habr\u00eda de existir tambi\u00e9n responsabilidad cuando quien comunica es el propio poder p\u00fablico?<\/p>\n\n\n\n<p class=\"wp-block-paragraph\">El derecho de r\u00e9plica no es una concesi\u00f3n, es un derecho humano. En M\u00e9xico tiene fundamento constitucional y cuenta con una ley reglamentaria desde 2015. Su finalidad es permitir que una persona aclare datos o informaciones falsas o inexactas que la aludan y que puedan causarle un agravio pol\u00edtico, econ\u00f3mico, en su honor, vida privada o imagen.<\/p>\n\n\n\n<p class=\"wp-block-paragraph\">La Suprema Corte ha se\u00f1alado, adem\u00e1s, que este derecho debe comprenderse en estrecha relaci\u00f3n con la libertad de expresi\u00f3n y que no constituye, por s\u00ed mismo, una sanci\u00f3n contra quien informa.<\/p>\n\n\n\n<p class=\"wp-block-paragraph\">Ese punto es fundamental. Reconocer un derecho de r\u00e9plica frente a la comunicaci\u00f3n gubernamental no significa censurar al Gobierno. Significa aceptar que ninguna autoridad deber\u00eda poseer el monopolio de la versi\u00f3n p\u00fablica de los hechos.<\/p>\n\n\n\n<p class=\"wp-block-paragraph\">Las conferencias presidenciales mexicanas dejaron hace tiempo de ser simples encuentros informativos con periodistas. Son espacios de enorme influencia pol\u00edtica y medi\u00e1tica. Lo expresado desde all\u00ed se reproduce inmediatamente en televisi\u00f3n, radio, peri\u00f3dicos y redes sociales; puede marcar la conversaci\u00f3n nacional y afectar la reputaci\u00f3n de personas, empresas, organizaciones, periodistas o adversarios pol\u00edticos.<\/p>\n\n\n\n<p class=\"wp-block-paragraph\">La asimetr\u00eda es evidente. Una persona se\u00f1alada desde la m\u00e1xima tribuna del Poder Ejecutivo dif\u00edcilmente posee un espacio equivalente para responder. Puede publicar un comunicado, acudir a entrevistas o utilizar redes sociales, pero ninguna de esas v\u00edas tiene necesariamente el mismo alcance institucional que la palabra presidencial.<\/p>\n\n\n\n<p class=\"wp-block-paragraph\">Por ello la discusi\u00f3n no deber\u00eda reducirse a Morena contra PAN u otro partido pol\u00edtico, Gobierno contra oposici\u00f3n o periodistas contra autoridades.<\/p>\n\n\n\n<p class=\"wp-block-paragraph\">El problema es mucho m\u00e1s importante: \u00bfqu\u00e9 mecanismos debe tener una democracia para equilibrar el enorme poder comunicativo del Estado?<\/p>\n\n\n\n<p class=\"wp-block-paragraph\">Tambi\u00e9n existe un riesgo en sentido contrario. En nombre de combatir las noticias falsas o proteger los derechos de las audiencias, el Estado no puede convertirse en \u00e1rbitro de la verdad period\u00edstica. Los lineamientos actualmente sometidos a consulta sobre derechos de las audiencias han provocado precisamente esa preocupaci\u00f3n: medios, periodistas y sectores pol\u00edticos advierten que una regulaci\u00f3n mal dise\u00f1ada podr\u00eda generar autocensura o interferencia gubernamental, mientras el Gobierno sostiene que busca proteger el derecho ciudadano a recibir informaci\u00f3n y diferenciar informaci\u00f3n de opini\u00f3n.<\/p>\n\n\n\n<p class=\"wp-block-paragraph\">Ese equilibrio es delicado. Una democracia necesita medios responsables, pero tambi\u00e9n necesita gobiernos responsables cuando comunican.<\/p>\n\n\n\n<p class=\"wp-block-paragraph\">La libertad de expresi\u00f3n protege particularmente la cr\u00edtica al poder. Esa protecci\u00f3n perder\u00eda buena parte de su sentido si el propio poder pudiera se\u00f1alar, acusar o descalificar desde una plataforma institucional sin que la persona aludida dispusiera de una v\u00eda adecuada para responder.<\/p>\n\n\n\n<p class=\"wp-block-paragraph\">Pero el derecho de r\u00e9plica tampoco puede utilizarse como instrumento para intimidar periodistas, obligar a los medios a reproducir propaganda gubernamental o imponer una supuesta verdad oficial.<\/p>\n\n\n\n<p class=\"wp-block-paragraph\">Debe servir para ampliar la conversaci\u00f3n p\u00fablica, no para reducirla. Por ello quiz\u00e1 la discusi\u00f3n actual representa una oportunidad. M\u00e9xico necesita reglas claras que reconozcan que la comunicaci\u00f3n gubernamental tambi\u00e9n genera responsabilidades. Cuando una autoridad proporciona informaci\u00f3n incorrecta sobre una persona, la correcci\u00f3n no deber\u00eda depender de la buena voluntad del servidor p\u00fablico. Deber\u00eda existir un mecanismo accesible, r\u00e1pido e imparcial.<\/p>\n\n\n\n<p class=\"wp-block-paragraph\">La democracia no consiste solamente en permitir que todos hablen. Tambi\u00e9n exige evitar que quien tiene el micr\u00f3fono m\u00e1s poderoso pueda convertir su versi\u00f3n en la \u00fanica versi\u00f3n.<\/p>\n\n\n\n<p class=\"wp-block-paragraph\">Hoy discutimos qui\u00e9n debe responder cuando un medio se equivoca. Tal vez sea momento de formular la pregunta en sentido inverso: \u00bfqui\u00e9n le responde al poder cuando el poder informa?<\/p>\n\n\n\n<p class=\"wp-block-paragraph\">Porque la libertad de expresi\u00f3n protege al ciudadano frente al Estado; no deber\u00eda convertirse en un escudo para que el Estado hable de los ciudadanos sin posibilidad real de respuesta e indefensi\u00f3n\u2026<\/p>\n","protected":false},"excerpt":{"rendered":"<p>Alguien como t\u00fa. Gladys P\u00e9rez Maldonado. En una democracia, el poder tiene derecho a comunicar. Puede explicar sus decisiones, defender sus pol\u00edticas, responder a sus cr\u00edticos e incluso cuestionar p\u00fablicamente versiones que considere falsas. Lo que no deber\u00eda tener es el privilegio de hablar sin posibilidad efectiva de contradicci\u00f3n. Ese es el fondo del debate [&hellip;]<\/p>\n","protected":false},"author":45,"featured_media":230655,"comment_status":"open","ping_status":"open","sticky":false,"template":"","format":"standard","meta":{"_monsterinsights_skip_tracking":false,"footnotes":""},"categories":[15405],"tags":[15415],"class_list":["post-230654","post","type-post","status-publish","format-standard","has-post-thumbnail","hentry","category-alguien-como-tu","tag-gladys-perez-maldonado","wp-image-borders"],"amp_enabled":true,"_links":{"self":[{"href":"https:\/\/nvnoticias.mx\/index.php\/wp-json\/wp\/v2\/posts\/230654","targetHints":{"allow":["GET"]}}],"collection":[{"href":"https:\/\/nvnoticias.mx\/index.php\/wp-json\/wp\/v2\/posts"}],"about":[{"href":"https:\/\/nvnoticias.mx\/index.php\/wp-json\/wp\/v2\/types\/post"}],"author":[{"embeddable":true,"href":"https:\/\/nvnoticias.mx\/index.php\/wp-json\/wp\/v2\/users\/45"}],"replies":[{"embeddable":true,"href":"https:\/\/nvnoticias.mx\/index.php\/wp-json\/wp\/v2\/comments?post=230654"}],"version-history":[{"count":1,"href":"https:\/\/nvnoticias.mx\/index.php\/wp-json\/wp\/v2\/posts\/230654\/revisions"}],"predecessor-version":[{"id":230656,"href":"https:\/\/nvnoticias.mx\/index.php\/wp-json\/wp\/v2\/posts\/230654\/revisions\/230656"}],"wp:featuredmedia":[{"embeddable":true,"href":"https:\/\/nvnoticias.mx\/index.php\/wp-json\/wp\/v2\/media\/230655"}],"wp:attachment":[{"href":"https:\/\/nvnoticias.mx\/index.php\/wp-json\/wp\/v2\/media?parent=230654"}],"wp:term":[{"taxonomy":"category","embeddable":true,"href":"https:\/\/nvnoticias.mx\/index.php\/wp-json\/wp\/v2\/categories?post=230654"},{"taxonomy":"post_tag","embeddable":true,"href":"https:\/\/nvnoticias.mx\/index.php\/wp-json\/wp\/v2\/tags?post=230654"}],"curies":[{"name":"wp","href":"https:\/\/api.w.org\/{rel}","templated":true}]}}