{"id":230652,"date":"2026-08-31T09:42:17","date_gmt":"2026-08-31T15:42:17","guid":{"rendered":"https:\/\/nvnoticias.mx\/?p=230652"},"modified":"2026-08-31T09:42:24","modified_gmt":"2026-08-31T15:42:24","slug":"el-proximo-periodo-de-sesiones-del-congreso","status":"publish","type":"post","link":"https:\/\/nvnoticias.mx\/index.php\/2026\/08\/31\/el-proximo-periodo-de-sesiones-del-congreso\/","title":{"rendered":"El pr\u00f3ximo periodo de sesiones del Congreso"},"content":{"rendered":"\n<p class=\"wp-block-paragraph\"><\/p>\n\n\n\n<p class=\"wp-block-paragraph\"><strong>MACROSCOPIO<\/strong><\/p>\n\n\n\n<p class=\"wp-block-paragraph\"><strong>Edgard Gonz\u00e1lez Su\u00e1rez<\/strong><\/p>\n\n\n\n<p class=\"wp-block-paragraph\">En el pr\u00f3ximo periodo de sesiones que inicia el primero de septiembre el Congreso tendr\u00e1 una agenda cargada y tambi\u00e9n bastante tensa. No olvidemos dos aspectos que van a determinar la rispidez del debate, el control de la narrativa y el avance legislativo del Gobierno. En primer lugar, en este periodo es cuando hay que aprobar el presupuesto para el a\u00f1o 2027, y con ello la distribuci\u00f3n financiera y muy seguramente la discusi\u00f3n y en su caso oposici\u00f3n pol\u00edtico-partidaria a la mayor\u00eda encabezada por Morena, y, en Segundo lugar, el a\u00f1o 2027 es el a\u00f1o de la elecci\u00f3n intermedia y la renovaci\u00f3n de la c\u00e1mara de diputados y 16 gubernaturas.<\/p>\n\n\n\n<p class=\"wp-block-paragraph\">La oposici\u00f3n a la coalici\u00f3n gobernante intentara retrasar la aprobaci\u00f3n, hasta donde sea posible, la ley de ingresos, es decir, de donde se obtendr\u00e1 el financiamiento general de la federaci\u00f3n, que deber\u00e1 quedar lista y aprobada antes del 20 de octubre y pasarla al senado antes del 31 de octubre y regresar para la aprobaci\u00f3n definitiva del presupuesto de egresos que deber\u00e1 quedar de manera definitiva a mediados de noviembre. Aqu\u00ed el gran reto del Congreso ser\u00e1 garantizar el equilibrio fiscal, entre la capacidad de recaudaci\u00f3n frente a los compromisos en programas sociales e infraestructura.<\/p>\n\n\n\n<p class=\"wp-block-paragraph\">Todo parece indicar que habr\u00e1 reformas de gran calado en su dimensi\u00f3n jur\u00eddica y social, particularmente cinco iniciativas: (1) <strong>la Ley General para Prevenir, Investigar, Sancionar y Reparar el Delito de Feminicidio<\/strong>, y (2) <strong>la obligaci\u00f3n para transparentar los rangos salariales de las ofertas laborales<\/strong> y 3) seguramente <strong>se reavivar\u00e1 la discusi\u00f3n sobre las 40 horas laborales<\/strong>, seguro se abrir\u00e1 el debate sobre si debe ser transicional o gradual y la oposici\u00f3n que pretende por motivos electorales intentar ganar una resoluci\u00f3n para su aplicaci\u00f3n inmediata; 4) <strong>an\u00e1lisis de la propuesta de la <em>Ley General de Protecci\u00f3n Ecol\u00f3gica y Justicia Ambiental<\/em><\/strong> para renovar las facultades de inspecci\u00f3n y sanci\u00f3n ecol\u00f3gica, y 5) <strong>las modificaciones al C\u00f3digo Nacional de Procedimientos Penales y la Ley Federal contra la Delincuencia Organizada<\/strong>, aqu\u00ed se busca eficientar los procesos de investigaci\u00f3n, la presentaci\u00f3n de pruebas, la presunci\u00f3n de inocencia y el sistema de juzgamiento.<\/p>\n\n\n\n<p class=\"wp-block-paragraph\">Hay dos debates que se esperan tambi\u00e9n muy r\u00edspidos y estos son los que tiene que ver con la vida digital de los ciudadanos: 1) <strong>el llamado derecho a la desconexi\u00f3n digital<\/strong> para garantizar el uso de tu tiempo libre y periodos de descanso, y 2) <strong>tipificar y definir los nuevos delitos inform\u00e1ticos<\/strong> como el acoso digital y el uso indebido de datos personales en el \u00e1mbito laboral.<\/p>\n\n\n\n<p class=\"wp-block-paragraph\">La propuesta contra el delito de feminicidio pretende:<\/p>\n\n\n\n<p class=\"wp-block-paragraph\">1) Homologar el tipo penal \u00fanico para los 32 estados de la rep\u00fablica. 2) Protocolo \u00fanico que de inicio una muerte violenta de una mujer se inicie bajo la hip\u00f3tesis de feminicidio. 3) El protocolo debe incluir el an\u00e1lisis del contexto del acto violento. 4) Establecer penas m\u00e1s severas que van de 50 a 70 a\u00f1os de prisi\u00f3n. 5) Prohibici\u00f3n expresa para que este tipo de delitos prescriban, se indulten o conmuten por otro tipo de penas. 6) En caso de que haya servidores p\u00fablicos involucrados se contempla la p\u00e9rdida de la patria potestad, la tutela de los hijos, derechos sucesorios, destituci\u00f3n e inhabilitaci\u00f3n definitiva de todo empleo p\u00fablico. 7) Apoyo psicol\u00f3gico, jur\u00eddico y econ\u00f3mico para los menores como terceros afectados o en situaci\u00f3n de orfandad por el delito de feminicidio. Se propone un registro nacional de orfandad. 8) Reparaci\u00f3n integral del da\u00f1o a victimas indirectas (padres, abuelos, familiares) con asistencia jur\u00eddica especializada.<\/p>\n\n\n\n<p class=\"wp-block-paragraph\">Para sacar adelante sus iniciativas legislativas frente a sus opositores que estar\u00e1n jugando al c\u00e1lculo pol\u00edtico-electoral, MORENA tiene bajo su control:<\/p>\n\n\n\n<p class=\"wp-block-paragraph\">-La mayor\u00eda calificada en la c\u00e1mara de diputados y el Senado.<\/p>\n\n\n\n<p class=\"wp-block-paragraph\">-Dosificaci\u00f3n del calendario y del impacto pol\u00edtico-social de las iniciativas.<\/p>\n\n\n\n<p class=\"wp-block-paragraph\">-Presi\u00f3n social del Movimiento a favor de las iniciativas m\u00e1s nobles y dise\u00f1adas para mejorar el bienestar de los ciudadanos.<\/p>\n\n\n\n<p class=\"wp-block-paragraph\">-Ubicar a la oposici\u00f3n como contrario a los beneficios sociales y construir una narrativa al respecto.<\/p>\n\n\n\n<p class=\"wp-block-paragraph\">-Aprovechar sus mayor\u00edas en los congresos locales para aprobar y ratificar sus reformas en los estados de la rep\u00fablica.<\/p>\n\n\n\n<p class=\"wp-block-paragraph\">-negociar en corto con la oposici\u00f3n en aquellos aspectos donde se pueda mostrar negociaci\u00f3n, pluralidad y apertura del gobierno en turno.<\/p>\n","protected":false},"excerpt":{"rendered":"<p>MACROSCOPIO Edgard Gonz\u00e1lez Su\u00e1rez En el pr\u00f3ximo periodo de sesiones que inicia el primero de septiembre el Congreso tendr\u00e1 una agenda cargada y tambi\u00e9n bastante tensa. No olvidemos dos aspectos que van a determinar la rispidez del debate, el control de la narrativa y el avance legislativo del Gobierno. En primer lugar, en este periodo [&hellip;]<\/p>\n","protected":false},"author":26,"featured_media":191937,"comment_status":"open","ping_status":"open","sticky":false,"template":"","format":"standard","meta":{"_monsterinsights_skip_tracking":false,"footnotes":""},"categories":[242],"tags":[702],"class_list":["post-230652","post","type-post","status-publish","format-standard","has-post-thumbnail","hentry","category-macroscopio","tag-edgard-gonzalez-suarez","wp-image-borders"],"amp_enabled":true,"_links":{"self":[{"href":"https:\/\/nvnoticias.mx\/index.php\/wp-json\/wp\/v2\/posts\/230652","targetHints":{"allow":["GET"]}}],"collection":[{"href":"https:\/\/nvnoticias.mx\/index.php\/wp-json\/wp\/v2\/posts"}],"about":[{"href":"https:\/\/nvnoticias.mx\/index.php\/wp-json\/wp\/v2\/types\/post"}],"author":[{"embeddable":true,"href":"https:\/\/nvnoticias.mx\/index.php\/wp-json\/wp\/v2\/users\/26"}],"replies":[{"embeddable":true,"href":"https:\/\/nvnoticias.mx\/index.php\/wp-json\/wp\/v2\/comments?post=230652"}],"version-history":[{"count":1,"href":"https:\/\/nvnoticias.mx\/index.php\/wp-json\/wp\/v2\/posts\/230652\/revisions"}],"predecessor-version":[{"id":230653,"href":"https:\/\/nvnoticias.mx\/index.php\/wp-json\/wp\/v2\/posts\/230652\/revisions\/230653"}],"wp:featuredmedia":[{"embeddable":true,"href":"https:\/\/nvnoticias.mx\/index.php\/wp-json\/wp\/v2\/media\/191937"}],"wp:attachment":[{"href":"https:\/\/nvnoticias.mx\/index.php\/wp-json\/wp\/v2\/media?parent=230652"}],"wp:term":[{"taxonomy":"category","embeddable":true,"href":"https:\/\/nvnoticias.mx\/index.php\/wp-json\/wp\/v2\/categories?post=230652"},{"taxonomy":"post_tag","embeddable":true,"href":"https:\/\/nvnoticias.mx\/index.php\/wp-json\/wp\/v2\/tags?post=230652"}],"curies":[{"name":"wp","href":"https:\/\/api.w.org\/{rel}","templated":true}]}}