{"id":230649,"date":"2026-08-31T09:38:48","date_gmt":"2026-08-31T15:38:48","guid":{"rendered":"https:\/\/nvnoticias.mx\/?p=230649"},"modified":"2026-08-31T09:38:54","modified_gmt":"2026-08-31T15:38:54","slug":"regresan-a-clases-1-3-millones-de-alumnos-en-veracruz","status":"publish","type":"post","link":"https:\/\/nvnoticias.mx\/index.php\/2026\/08\/31\/regresan-a-clases-1-3-millones-de-alumnos-en-veracruz\/","title":{"rendered":"Regresan a clases 1.3 millones de alumnos en Veracruz"},"content":{"rendered":"\n<p class=\"wp-block-paragraph\"><\/p>\n\n\n\n<p class=\"wp-block-paragraph\"><strong>Jes\u00fas Utrilla &#8211; NV Noticias<\/strong><\/p>\n\n\n\n<p class=\"wp-block-paragraph\">Una hora antes de que abrieran las escuelas, padres y madres de familia ya esperaban afuera de los planteles para acompa\u00f1ar a sus hijos en el regreso a clases y el inicio del ciclo escolar 2026-2027.<\/p>\n\n\n\n<p class=\"wp-block-paragraph\">Desde temprana hora comenzaron a observarse familias en las inmediaciones de las escuelas, algunas con mochilas, uniformes y \u00fatiles escolares, a la espera de que se abrieran las puertas para el ingreso de los estudiantes.<\/p>\n\n\n\n<p class=\"wp-block-paragraph\">En Veracruz, m\u00e1s de 1.3 millones de estudiantes regresaron este lunes a las aulas para iniciar un nuevo ciclo escolar, en una jornada marcada por el reencuentro con compa\u00f1eros y docentes.<\/p>\n\n\n\n<p class=\"wp-block-paragraph\">Tambi\u00e9n se reincorporaron a las actividades acad\u00e9micas 88 mil 531 docentes de educaci\u00f3n b\u00e1sica en el estado, con la reactivaci\u00f3n de 20 mil 949 planteles de educaci\u00f3n inicial, preescolar, primaria y secundaria.<\/p>\n\n\n\n<p class=\"wp-block-paragraph\">El regreso a clases comenz\u00f3 as\u00ed desde las primeras horas del d\u00eda, con familias que decidieron llegar con anticipaci\u00f3n para evitar contratiempos y garantizar que sus hijos ingresaran puntualmente a las escuelas.<\/p>\n\n\n\n<p class=\"wp-block-paragraph\">El regreso a clases tambi\u00e9n provoc\u00f3 tr\u00e1fico pesado en distintos puntos de la zona conurbada Veracruz-Boca del R\u00edo, principalmente en las inmediaciones de planteles educativos, donde se registr\u00f3 una mayor concentraci\u00f3n de veh\u00edculos durante las primeras horas de la ma\u00f1ana. La circulaci\u00f3n avanza de manera lenta, por lo que se recomienda a los automovilistas tomar precauciones y salir con anticipaci\u00f3n.<\/p>\n","protected":false},"excerpt":{"rendered":"<p>Jes\u00fas Utrilla &#8211; NV Noticias Una hora antes de que abrieran las escuelas, padres y madres de familia ya esperaban afuera de los planteles para acompa\u00f1ar a sus hijos en el regreso a clases y el inicio del ciclo escolar 2026-2027. Desde temprana hora comenzaron a observarse familias en las inmediaciones de las escuelas, algunas [&hellip;]<\/p>\n","protected":false},"author":6,"featured_media":230650,"comment_status":"open","ping_status":"open","sticky":false,"template":"","format":"standard","meta":{"_monsterinsights_skip_tracking":false,"footnotes":""},"categories":[154],"tags":[162,1633],"class_list":["post-230649","post","type-post","status-publish","format-standard","has-post-thumbnail","hentry","category-veracruz","tag-portada","tag-regreso-clases","wp-image-borders"],"amp_enabled":true,"_links":{"self":[{"href":"https:\/\/nvnoticias.mx\/index.php\/wp-json\/wp\/v2\/posts\/230649","targetHints":{"allow":["GET"]}}],"collection":[{"href":"https:\/\/nvnoticias.mx\/index.php\/wp-json\/wp\/v2\/posts"}],"about":[{"href":"https:\/\/nvnoticias.mx\/index.php\/wp-json\/wp\/v2\/types\/post"}],"author":[{"embeddable":true,"href":"https:\/\/nvnoticias.mx\/index.php\/wp-json\/wp\/v2\/users\/6"}],"replies":[{"embeddable":true,"href":"https:\/\/nvnoticias.mx\/index.php\/wp-json\/wp\/v2\/comments?post=230649"}],"version-history":[{"count":1,"href":"https:\/\/nvnoticias.mx\/index.php\/wp-json\/wp\/v2\/posts\/230649\/revisions"}],"predecessor-version":[{"id":230651,"href":"https:\/\/nvnoticias.mx\/index.php\/wp-json\/wp\/v2\/posts\/230649\/revisions\/230651"}],"wp:featuredmedia":[{"embeddable":true,"href":"https:\/\/nvnoticias.mx\/index.php\/wp-json\/wp\/v2\/media\/230650"}],"wp:attachment":[{"href":"https:\/\/nvnoticias.mx\/index.php\/wp-json\/wp\/v2\/media?parent=230649"}],"wp:term":[{"taxonomy":"category","embeddable":true,"href":"https:\/\/nvnoticias.mx\/index.php\/wp-json\/wp\/v2\/categories?post=230649"},{"taxonomy":"post_tag","embeddable":true,"href":"https:\/\/nvnoticias.mx\/index.php\/wp-json\/wp\/v2\/tags?post=230649"}],"curies":[{"name":"wp","href":"https:\/\/api.w.org\/{rel}","templated":true}]}}