{"id":230544,"date":"2026-08-30T12:46:54","date_gmt":"2026-08-30T18:46:54","guid":{"rendered":"https:\/\/nvnoticias.mx\/?p=230544"},"modified":"2026-08-30T12:47:01","modified_gmt":"2026-08-30T18:47:01","slug":"mas-de-6-mil-el-desembolso-para-utiles-por-cada-alumno","status":"publish","type":"post","link":"https:\/\/nvnoticias.mx\/index.php\/2026\/08\/30\/mas-de-6-mil-el-desembolso-para-utiles-por-cada-alumno\/","title":{"rendered":"M\u00e1s de $6 mil, el desembolso para \u00fatiles por cada alumno"},"content":{"rendered":"\n<p class=\"wp-block-paragraph\">El gasto promedio en \u00fatiles escolares por alumno de educaci\u00f3n b\u00e1sica se ubic\u00f3 este a\u00f1o en 6 mil 44 pesos, un aumento de 7 por ciento frente al a\u00f1o pasado, de acuerdo con datos del sector privado.<\/p>\n\n\n\n<p class=\"wp-block-paragraph\">Informaci\u00f3n de la plataforma de financiamiento Aplazo muestra que en la semana previa al inicio de clases, que en esta ocasi\u00f3n ser\u00e1 el 31 de agosto, las familias mexicanas suelen comprar cuadernos, l\u00e1pices, bol\u00edgrafos, uniformes, calzado, mochilas, libros y dispositivos tecnol\u00f3gicos, entre otros productos escolares. Refiri\u00f3 que el a\u00f1o pasado 40 por ciento de las compras se realizaron pocos d\u00edas antes del regreso a las escuelas.<\/p>\n\n\n\n<p class=\"wp-block-paragraph\">Datos de la Confederaci\u00f3n de C\u00e1maras Nacionales de Comercio Servicios y Turismo (Concanaco-Servytur) indican que la derrama econ\u00f3mica generada por el consumo de productos que utilizar\u00e1n los alumnos durante el ciclo escolar 2026-2027 ser\u00e1 de 144 mil 450 millones de pesos. Este monto es 7 por ciento mayor a los 135 mil millones reportados por el organismo del sector privado el a\u00f1o pasado.<\/p>\n\n\n\n<p class=\"wp-block-paragraph\">Datos de Aplazo muestran que en 2026 el gasto de las familias se ha concentrado en la adquisici\u00f3n de calzado, pues esa categor\u00eda represent\u00f3 73 por ciento de lo erogado en junio.<\/p>\n\n\n\n<p class=\"wp-block-paragraph\">Debido a que \u201cel inicio del ciclo escolar, como cada a\u00f1o, representa uno de los gastos m\u00e1s significativos para las familias mexicanas\u201d, la Procuradur\u00eda Federal del Consumidor (Profeco) recopil\u00f3 en todo el pa\u00eds los precios m\u00ednimos y m\u00e1ximos de \u00fatiles escolares y los public\u00f3 en su plataforma Qui\u00e9n es Qui\u00e9n en los Precios, la cual se puede consultar en l\u00ednea (<a href=\"https:\/\/qqp.profeco.gob.mx\/\" target=\"_blank\" rel=\"noopener\">https:\/\/qqp.profeco.gob.mx\/<\/a>).<\/p>\n\n\n\n<p class=\"wp-block-paragraph\">Mientras la Profeco ha llamado a la poblaci\u00f3n a que compare precios antes de adquirir los art\u00edculos escolares, la Concanaco se\u00f1al\u00f3 que la meta tambi\u00e9n debe ser comprar mejor e incluso de generar prosperidad en las mismas comunidades.<\/p>\n\n\n\n<p class=\"wp-block-paragraph\">Fuente: La <a href=\"https:\/\/www.jornada.com.mx\/noticia\/2026\/08\/30\/economia\/mas-de-6-mil-el-desembolso-para-utiles-por-cada-alumno\">Jornada<\/a><\/p>\n","protected":false},"excerpt":{"rendered":"<p>El gasto promedio en \u00fatiles escolares por alumno de educaci\u00f3n b\u00e1sica se ubic\u00f3 este a\u00f1o en 6 mil 44 pesos, un aumento de 7 por ciento frente al a\u00f1o pasado, de acuerdo con datos del sector privado. Informaci\u00f3n de la plataforma de financiamiento Aplazo muestra que en la semana previa al inicio de clases, que [&hellip;]<\/p>\n","protected":false},"author":35,"featured_media":230548,"comment_status":"open","ping_status":"open","sticky":false,"template":"","format":"standard","meta":{"_monsterinsights_skip_tracking":false,"footnotes":""},"categories":[157],"tags":[1885,30621],"class_list":["post-230544","post","type-post","status-publish","format-standard","has-post-thumbnail","hentry","category-nacional","tag-alumnos","tag-utiles-2","wp-image-borders"],"amp_enabled":true,"_links":{"self":[{"href":"https:\/\/nvnoticias.mx\/index.php\/wp-json\/wp\/v2\/posts\/230544","targetHints":{"allow":["GET"]}}],"collection":[{"href":"https:\/\/nvnoticias.mx\/index.php\/wp-json\/wp\/v2\/posts"}],"about":[{"href":"https:\/\/nvnoticias.mx\/index.php\/wp-json\/wp\/v2\/types\/post"}],"author":[{"embeddable":true,"href":"https:\/\/nvnoticias.mx\/index.php\/wp-json\/wp\/v2\/users\/35"}],"replies":[{"embeddable":true,"href":"https:\/\/nvnoticias.mx\/index.php\/wp-json\/wp\/v2\/comments?post=230544"}],"version-history":[{"count":4,"href":"https:\/\/nvnoticias.mx\/index.php\/wp-json\/wp\/v2\/posts\/230544\/revisions"}],"predecessor-version":[{"id":230549,"href":"https:\/\/nvnoticias.mx\/index.php\/wp-json\/wp\/v2\/posts\/230544\/revisions\/230549"}],"wp:featuredmedia":[{"embeddable":true,"href":"https:\/\/nvnoticias.mx\/index.php\/wp-json\/wp\/v2\/media\/230548"}],"wp:attachment":[{"href":"https:\/\/nvnoticias.mx\/index.php\/wp-json\/wp\/v2\/media?parent=230544"}],"wp:term":[{"taxonomy":"category","embeddable":true,"href":"https:\/\/nvnoticias.mx\/index.php\/wp-json\/wp\/v2\/categories?post=230544"},{"taxonomy":"post_tag","embeddable":true,"href":"https:\/\/nvnoticias.mx\/index.php\/wp-json\/wp\/v2\/tags?post=230544"}],"curies":[{"name":"wp","href":"https:\/\/api.w.org\/{rel}","templated":true}]}}