{"id":230531,"date":"2026-08-30T12:41:38","date_gmt":"2026-08-30T18:41:38","guid":{"rendered":"https:\/\/nvnoticias.mx\/?p=230531"},"modified":"2026-08-30T12:41:45","modified_gmt":"2026-08-30T18:41:45","slug":"alito-moreno-convoca-a-partidos-opositores-a-formar-alianza-electoral-para-el-2027","status":"publish","type":"post","link":"https:\/\/nvnoticias.mx\/index.php\/2026\/08\/30\/alito-moreno-convoca-a-partidos-opositores-a-formar-alianza-electoral-para-el-2027\/","title":{"rendered":"&#8216;Alito&#8217; Moreno convoca a partidos opositores a formar alianza electoral para el 2027"},"content":{"rendered":"\n<p class=\"wp-block-paragraph\">Al concluir la reuni\u00f3n plenaria de de diputados y senadores del PRI, el dirigente de ese partido, Alejandro Moreno C\u00e1rdenas, insisti\u00f3 en su llamado a las dem\u00e1s fuerzas pol\u00edticas opositoras a contender juntos en las elecciones del 2027, porque s\u00f3lo as\u00ed podr\u00edan ganar a Morena 12 de las 17 gubernaturas que se renovar\u00e1n el pr\u00f3ximo a\u00f1o.<\/p>\n\n\n\n<p class=\"wp-block-paragraph\">No se trata, sostuvo, de c\u00e1lculos pol\u00edticos, \u201clo que est\u00e1 en juego es M\u00e9xico\u201d, y llam\u00f3 a la oposici\u00f3n a pensar en ello, \u201cantes que en intereses particulares\u201d.<\/p>\n\n\n\n<p class=\"wp-block-paragraph\">En lo que fue el tercer y \u00faltimo d\u00eda de trabajos de la reuni\u00f3n plenaria, realizada en la sede del PRI, animado por la nueva postura del PAN sobre posibles alianzas, &#8216;Alito&#8217; Moreno recalc\u00f3 que \u201csi hay coalici\u00f3n, los opositores ganar\u00edan a con seguridad los gobiernos de Aguascalientes, Chihuahua, Quer\u00e9taro, Nuevo Le\u00f3n, Zacatecas, Colima, Sinaloa, Sonora, Tlaxcala. \u201cO sea, se nos abre un escenario de competencia, de posibilidades de competir en todas, pr\u00e1cticamente\u201d, expres\u00f3.<\/p>\n\n\n\n<p class=\"wp-block-paragraph\">Flanqueado en el presidium por los coordinadores pri\u00edstas en la C\u00e1mara de Diputados y el Senado, Rub\u00e9n Moreira y Manuel A\u00f1orve, reiter\u00f3 que seguir\u00e1 impulsando la coalici\u00f3n, \u201cporque es lo que le conviene a M\u00e9xico\u201d. Incluso, agreg\u00f3, Morena ha ganado porque contiende en alianza.<\/p>\n\n\n\n<p class=\"wp-block-paragraph\">Puso como ejemplo la pasada elecci\u00f3n para renovar la gubernatura de Coahuila que gan\u00f3 el PRI, que tuvo mayor votaci\u00f3n, pero, \u201chubo partidos que no quisieron ir en alianza y perdieron el registro.\u201d<\/p>\n\n\n\n<p class=\"wp-block-paragraph\">Fuente: La <a href=\"https:\/\/www.jornada.com.mx\/noticia\/2026\/08\/29\/politica\/alito-moreno-convoca-a-partidos-opositores-a-formar-alianza-electoral-para-el-2027\">Jornada<\/a><\/p>\n","protected":false},"excerpt":{"rendered":"<p>Al concluir la reuni\u00f3n plenaria de de diputados y senadores del PRI, el dirigente de ese partido, Alejandro Moreno C\u00e1rdenas, insisti\u00f3 en su llamado a las dem\u00e1s fuerzas pol\u00edticas opositoras a contender juntos en las elecciones del 2027, porque s\u00f3lo as\u00ed podr\u00edan ganar a Morena 12 de las 17 gubernaturas que se renovar\u00e1n el pr\u00f3ximo [&hellip;]<\/p>\n","protected":false},"author":35,"featured_media":230534,"comment_status":"open","ping_status":"open","sticky":false,"template":"","format":"standard","meta":{"_monsterinsights_skip_tracking":false,"footnotes":""},"categories":[158],"tags":[6413],"class_list":["post-230531","post","type-post","status-publish","format-standard","has-post-thumbnail","hentry","category-politica","tag-alejandro-moreno","wp-image-borders"],"amp_enabled":true,"_links":{"self":[{"href":"https:\/\/nvnoticias.mx\/index.php\/wp-json\/wp\/v2\/posts\/230531","targetHints":{"allow":["GET"]}}],"collection":[{"href":"https:\/\/nvnoticias.mx\/index.php\/wp-json\/wp\/v2\/posts"}],"about":[{"href":"https:\/\/nvnoticias.mx\/index.php\/wp-json\/wp\/v2\/types\/post"}],"author":[{"embeddable":true,"href":"https:\/\/nvnoticias.mx\/index.php\/wp-json\/wp\/v2\/users\/35"}],"replies":[{"embeddable":true,"href":"https:\/\/nvnoticias.mx\/index.php\/wp-json\/wp\/v2\/comments?post=230531"}],"version-history":[{"count":3,"href":"https:\/\/nvnoticias.mx\/index.php\/wp-json\/wp\/v2\/posts\/230531\/revisions"}],"predecessor-version":[{"id":230535,"href":"https:\/\/nvnoticias.mx\/index.php\/wp-json\/wp\/v2\/posts\/230531\/revisions\/230535"}],"wp:featuredmedia":[{"embeddable":true,"href":"https:\/\/nvnoticias.mx\/index.php\/wp-json\/wp\/v2\/media\/230534"}],"wp:attachment":[{"href":"https:\/\/nvnoticias.mx\/index.php\/wp-json\/wp\/v2\/media?parent=230531"}],"wp:term":[{"taxonomy":"category","embeddable":true,"href":"https:\/\/nvnoticias.mx\/index.php\/wp-json\/wp\/v2\/categories?post=230531"},{"taxonomy":"post_tag","embeddable":true,"href":"https:\/\/nvnoticias.mx\/index.php\/wp-json\/wp\/v2\/tags?post=230531"}],"curies":[{"name":"wp","href":"https:\/\/api.w.org\/{rel}","templated":true}]}}