{"id":23037,"date":"2021-08-31T10:54:19","date_gmt":"2021-08-31T15:54:19","guid":{"rendered":"https:\/\/nvnoticias.mx\/?p=23037"},"modified":"2021-08-31T10:54:20","modified_gmt":"2021-08-31T15:54:20","slug":"veracruz-suma-casi-2-mil-500-casos-confirmados-de-covid-19-en-menores-de-edad","status":"publish","type":"post","link":"https:\/\/nvnoticias.mx\/index.php\/2021\/08\/31\/veracruz-suma-casi-2-mil-500-casos-confirmados-de-covid-19-en-menores-de-edad\/","title":{"rendered":"Veracruz suma casi 2 mil 500 casos confirmados de covid-19 en menores de edad"},"content":{"rendered":"\n<p><strong>Sam Ojeda\u00a0| NV Noticias<\/strong><\/p>\n\n\n\n<p>Xalapa.-\u00a0En pleno regreso a clases presenciales el estado de Veracruz suma ya 2 mil 444 casos de menores de edad confirmados a covid-19, adem\u00e1s, se han registrado casi 30 decesos a causa de esta enfermedad.\u00a0<\/p>\n\n\n\n<p>El Sistema Nacional de Protecci\u00f3n de Ni\u00f1as, Ni\u00f1os y Adolescentes (SIPINNA) report\u00f3 un incremento s\u00fabito con respecto a su informe pasado, pues el estado pas\u00f3 de 857 a casi 2 mil 500 casos.<\/p>\n\n\n\n<p>Lo anterior fue justificado debido a que a partir del 23 de agosto suma a los casos confirmados por laboratorio, los confirmados por asociaci\u00f3n cl\u00ednica y por el Comit\u00e9 de Dictaminaci\u00f3n.<\/p>\n\n\n\n<p>Incluso en los decesos provocados por esta enfermedad tambi\u00e9n se reflej\u00f3 un aumento al paso de 25 a inicios de agosto a 28 confirmados con corte al pasado 22 de este mismo mes. \u00a0<br>Cabe destacar que Veracruz se ubica en el s\u00e9ptimo lugar a nivel nacional con mayor porcentaje con el 1.15 por ciento muertes entre los casos confirmados, y por n\u00famero de defunciones es el d\u00e9cimo en el pa\u00eds.<\/p>\n\n\n\n<p>Son los menores en el rango de edad de entre 12 a 17 a\u00f1os con el mayor n\u00famero de decesos con siete, le gire el de cero a 5 a\u00f1os con seis y de 6 a 11 a\u00f1os de edad con cinco casos.\u00a0<\/p>\n\n\n\n<p>Por n\u00famero de casos acumulados, Veracruz se ubica en el lugar n\u00famero 14 entre las 32 entidades de M\u00e9xico; la enfermedad ha afectado en mayor medida los menores entre 12 a 17 a\u00f1os de edad, con mil 411 casos.<\/p>\n\n\n\n<p>Le siguen los menores de 6 a 11 a\u00f1os con 574 casos acumulados desde el inicio de la pandemia, y entre los ni\u00f1os y ni\u00f1as desde cero a 5 a\u00f1os la suma es de 459 casos confirmados.\u00a0<\/p>\n","protected":false},"excerpt":{"rendered":"<p>Sam Ojeda\u00a0| NV Noticias Xalapa.-\u00a0En pleno regreso a clases presenciales el estado de Veracruz suma ya 2 mil 444 casos de menores de edad confirmados a covid-19, adem\u00e1s, se han registrado casi 30 decesos a causa de esta enfermedad.\u00a0 El Sistema Nacional de Protecci\u00f3n de Ni\u00f1as, Ni\u00f1os y Adolescentes (SIPINNA) report\u00f3 un incremento s\u00fabito con [&hellip;]<\/p>\n","protected":false},"author":7,"featured_media":23041,"comment_status":"open","ping_status":"open","sticky":false,"template":"","format":"standard","meta":{"_monsterinsights_skip_tracking":false,"_monsterinsights_sitenote_active":false,"_monsterinsights_sitenote_note":"","_monsterinsights_sitenote_category":0,"footnotes":""},"categories":[156],"tags":[5889,293,175,880,180],"class_list":["post-23037","post","type-post","status-publish","format-standard","has-post-thumbnail","hentry","category-estado","tag-casos-confirmados","tag-contagios","tag-covid-19","tag-menores-de-edad","tag-veracruz","wp-image-borders"],"amp_enabled":true,"_links":{"self":[{"href":"https:\/\/nvnoticias.mx\/index.php\/wp-json\/wp\/v2\/posts\/23037","targetHints":{"allow":["GET"]}}],"collection":[{"href":"https:\/\/nvnoticias.mx\/index.php\/wp-json\/wp\/v2\/posts"}],"about":[{"href":"https:\/\/nvnoticias.mx\/index.php\/wp-json\/wp\/v2\/types\/post"}],"author":[{"embeddable":true,"href":"https:\/\/nvnoticias.mx\/index.php\/wp-json\/wp\/v2\/users\/7"}],"replies":[{"embeddable":true,"href":"https:\/\/nvnoticias.mx\/index.php\/wp-json\/wp\/v2\/comments?post=23037"}],"version-history":[{"count":1,"href":"https:\/\/nvnoticias.mx\/index.php\/wp-json\/wp\/v2\/posts\/23037\/revisions"}],"predecessor-version":[{"id":23042,"href":"https:\/\/nvnoticias.mx\/index.php\/wp-json\/wp\/v2\/posts\/23037\/revisions\/23042"}],"wp:featuredmedia":[{"embeddable":true,"href":"https:\/\/nvnoticias.mx\/index.php\/wp-json\/wp\/v2\/media\/23041"}],"wp:attachment":[{"href":"https:\/\/nvnoticias.mx\/index.php\/wp-json\/wp\/v2\/media?parent=23037"}],"wp:term":[{"taxonomy":"category","embeddable":true,"href":"https:\/\/nvnoticias.mx\/index.php\/wp-json\/wp\/v2\/categories?post=23037"},{"taxonomy":"post_tag","embeddable":true,"href":"https:\/\/nvnoticias.mx\/index.php\/wp-json\/wp\/v2\/tags?post=23037"}],"curies":[{"name":"wp","href":"https:\/\/api.w.org\/{rel}","templated":true}]}}