{"id":22869,"date":"2021-08-28T12:43:11","date_gmt":"2021-08-28T17:43:11","guid":{"rendered":"https:\/\/nvnoticias.mx\/?p=22869"},"modified":"2021-08-28T12:43:12","modified_gmt":"2021-08-28T17:43:12","slug":"anuncian-nuevo-tratamiento-de-para-pacientes-covid-en-veracruz","status":"publish","type":"post","link":"https:\/\/nvnoticias.mx\/index.php\/2021\/08\/28\/anuncian-nuevo-tratamiento-de-para-pacientes-covid-en-veracruz\/","title":{"rendered":"Anuncian nuevo tratamiento de para pacientes covid en Veracruz"},"content":{"rendered":"\n<p><strong>Sam Ojeda | NV Noticias<\/strong>&nbsp;<\/p>\n\n\n\n<p>Xalapa. &#8211;&nbsp;&nbsp;La directora general del Centro de Investigaci\u00f3n Cl\u00ednica FAICIC,&nbsp;Sharzy&nbsp;Molina Gu\u00edzar, inform\u00f3 que en Veracruz se aplica un nuevo tratamiento de la farmac\u00e9utica Pfizer para pacientes con covid-19.&nbsp;&nbsp;<\/p>\n\n\n\n<p>El tratamiento tiene el objetivo de evitar que se multipliquen las c\u00e9lulas del SARS-Cov2 en el ser humano y con ello se reduzca la severidad de los s\u00edntomas.&nbsp;<\/p>\n\n\n\n<blockquote class=\"wp-block-quote is-layout-flow wp-block-quote-is-layout-flow\"><p>\u201cBuscamos disminuir todo aquello que va desde la tos, la fiebre, la baja saturaci\u00f3n hasta una neumon\u00eda y con ello que el progreso no tenga que ser hospitalizado y por supuesto reducir la posibilidad de muerte\u201d.\u00a0\u00a0<\/p><\/blockquote>\n\n\n\n<p>Para ello\u00a0<strong>se usa \u201cRitonavir\u201c, que se aplica para pacientes que est\u00e1n en su vivienda y pueden tomarlo de manera oral, con una dosis cada 12 horas durante 5 d\u00edas.<\/strong>\u00a0<\/p>\n\n\n\n<p>Lo ideal es que este tratamiento se inicie en los primeros cinco d\u00edas de que el paciente haya iniciado con los s\u00edntomas de la enfermedad. Y a nivel mundial este tratamiento se aplicar\u00e1 a 2 mil 260 pacientes, en el caso de M\u00e9xico y en Veracruz se espera que sean 900 pacientes.&nbsp;&nbsp;<\/p>\n\n\n\n<p>Todos los pacientes que quieran participar tienen la oportunidad de registrarse hasta el pr\u00f3ximo 9 de septiembre. Adem\u00e1s, record\u00f3 que quienes puedan participar son pacientes que sean mayores de 18 a\u00f1os de edad, adem\u00e1s de tener diagn\u00f3stico de covid-19 durante primeros cinco d\u00edas y alg\u00fan factor de riesgo. &nbsp;&nbsp;<\/p>\n\n\n\n<blockquote class=\"wp-block-quote is-layout-flow wp-block-quote-is-layout-flow\"><p>\u201cPueden ser personas que tomen bebidas alcoh\u00f3licas, que fumen, con obesidad, mayores de 60 a\u00f1os, con diabetes, hipertensi\u00f3n, c\u00e1ncer. VIH, o alg\u00fan criterio que se considere de riesgo\u201d.\u00a0<\/p><\/blockquote>\n\n\n\n<p>Agreg\u00f3 que el tratamiento puede tener algunas reacciones como diarrea, malestar estomacal, n\u00e1usea o fatiga.&nbsp;&nbsp;<\/p>\n\n\n\n<p>Las personas que quieran participar pueden acudir al Centro de Investigaci\u00f3n FAICIC que se ubica en avenida 16 de&nbsp;Septiembre, a un costado del parque Espa\u00f1a.&nbsp;<\/p>\n","protected":false},"excerpt":{"rendered":"<p>Sam Ojeda | NV Noticias&nbsp; Xalapa. &#8211;&nbsp;&nbsp;La directora general del Centro de Investigaci\u00f3n Cl\u00ednica FAICIC,&nbsp;Sharzy&nbsp;Molina Gu\u00edzar, inform\u00f3 que en Veracruz se aplica un nuevo tratamiento de la farmac\u00e9utica Pfizer para pacientes con covid-19.&nbsp;&nbsp; El tratamiento tiene el objetivo de evitar que se multipliquen las c\u00e9lulas del SARS-Cov2 en el ser humano y con ello se [&hellip;]<\/p>\n","protected":false},"author":6,"featured_media":22871,"comment_status":"open","ping_status":"open","sticky":false,"template":"","format":"standard","meta":{"_monsterinsights_skip_tracking":false,"_monsterinsights_sitenote_active":false,"_monsterinsights_sitenote_note":"","_monsterinsights_sitenote_category":0,"footnotes":""},"categories":[156],"tags":[358,1882,162,1422,180],"class_list":["post-22869","post","type-post","status-publish","format-standard","has-post-thumbnail","hentry","category-estado","tag-covid","tag-pacientes","tag-portada","tag-tratamiento","tag-veracruz","wp-image-borders"],"amp_enabled":true,"_links":{"self":[{"href":"https:\/\/nvnoticias.mx\/index.php\/wp-json\/wp\/v2\/posts\/22869","targetHints":{"allow":["GET"]}}],"collection":[{"href":"https:\/\/nvnoticias.mx\/index.php\/wp-json\/wp\/v2\/posts"}],"about":[{"href":"https:\/\/nvnoticias.mx\/index.php\/wp-json\/wp\/v2\/types\/post"}],"author":[{"embeddable":true,"href":"https:\/\/nvnoticias.mx\/index.php\/wp-json\/wp\/v2\/users\/6"}],"replies":[{"embeddable":true,"href":"https:\/\/nvnoticias.mx\/index.php\/wp-json\/wp\/v2\/comments?post=22869"}],"version-history":[{"count":2,"href":"https:\/\/nvnoticias.mx\/index.php\/wp-json\/wp\/v2\/posts\/22869\/revisions"}],"predecessor-version":[{"id":22872,"href":"https:\/\/nvnoticias.mx\/index.php\/wp-json\/wp\/v2\/posts\/22869\/revisions\/22872"}],"wp:featuredmedia":[{"embeddable":true,"href":"https:\/\/nvnoticias.mx\/index.php\/wp-json\/wp\/v2\/media\/22871"}],"wp:attachment":[{"href":"https:\/\/nvnoticias.mx\/index.php\/wp-json\/wp\/v2\/media?parent=22869"}],"wp:term":[{"taxonomy":"category","embeddable":true,"href":"https:\/\/nvnoticias.mx\/index.php\/wp-json\/wp\/v2\/categories?post=22869"},{"taxonomy":"post_tag","embeddable":true,"href":"https:\/\/nvnoticias.mx\/index.php\/wp-json\/wp\/v2\/tags?post=22869"}],"curies":[{"name":"wp","href":"https:\/\/api.w.org\/{rel}","templated":true}]}}