{"id":22835,"date":"2021-08-28T10:11:59","date_gmt":"2021-08-28T15:11:59","guid":{"rendered":"https:\/\/nvnoticias.mx\/?p=22835"},"modified":"2021-08-28T10:12:00","modified_gmt":"2021-08-28T15:12:00","slug":"beneficios-corredor-interoceanico-llegaran-cuenca-papaloapan","status":"publish","type":"post","link":"https:\/\/nvnoticias.mx\/index.php\/2021\/08\/28\/beneficios-corredor-interoceanico-llegaran-cuenca-papaloapan\/","title":{"rendered":"Beneficios del Corredor Interoce\u00e1nico llegar\u00e1n a la Cuenca del Papaloapan"},"content":{"rendered":"\n<p><strong>Jes\u00fas&nbsp;Utrilla<\/strong>&nbsp;<strong>| NV Noticias<\/strong>&nbsp;<\/p>\n\n\n\n<p>Veracruz. \u2013&nbsp; El Corredor Interoce\u00e1nico no solo beneficiar\u00e1 a la zona de&nbsp;Coatzacoalcos,&nbsp;sino que el impacto llegar\u00e1 a la Cuenca del Papaloapan y otras regiones de Veracruz, se\u00f1al\u00f3 Rafael Garc\u00eda Anaya, presidente de la Sociedad Cooperativa de Marinos retirados.&nbsp;<\/p>\n\n\n\n<p>Dijo que tendr\u00e1n que ampliarse los&nbsp;puertos&nbsp;pero adem\u00e1s retomar el cabotaje, para tener mejor medio de transporte de mercanc\u00edas entre diversos lugares.&nbsp;<\/p>\n\n\n\n<blockquote class=\"wp-block-quote is-layout-flow wp-block-quote-is-layout-flow\"><p>\u201cVa a ser una explosi\u00f3n de desarrollo econ\u00f3mico, pol\u00edtico y social. Por eso es tan importante retomar ese comercio mar\u00edtimo costero, lo que antes se llamaba cabotaje. Tiene necesariamente que aplicarse porque habr\u00e1 un movimiento tan fuerte que necesitaremos sistemas adicionales, no de apoyo, adicionales como el sistema de transporte mar\u00edtimo- costero\u201d.\u00a0<\/p><\/blockquote>\n\n\n\n<p>Insisti\u00f3 en que adem\u00e1s de Coatzacoalcos y Salina Cruz el desarrollo ser\u00e1 general, pues repuntar\u00e1 el comercio internacional.&nbsp;<\/p>\n\n\n\n<p>Cabe destacar que en lo que respecta al Estado de Veracruz, al momento se han invertido 800 millones de pesos.&nbsp;&nbsp;<\/p>\n\n\n\n<p>Al mes de junio de este a\u00f1o, el Gobierno de M\u00e9xico report\u00f3 avances en el desarrollo de infraestructura para la conexi\u00f3n Coatzacoalcos -Salina Cruz; avance de obras de plataforma log\u00edstica en diversos puntos de la ruta y en la renovaci\u00f3n de v\u00edas del ferrocarril de Istmo en un 60 por ciento; las autoridades tambi\u00e9n reportaron un avance de hasta 60 por ciento en la construcci\u00f3n y&nbsp;habilitamiento&nbsp;en el puerto de Coatzacoalcos para la recepci\u00f3n de embarques grandes, as\u00ed como en general para el transporte multimodal.&nbsp;&nbsp;<\/p>\n\n\n\n<blockquote class=\"wp-block-quote is-layout-flow wp-block-quote-is-layout-flow\"><p>\u201cVa a ser la soluci\u00f3n del pa\u00eds. No se tiene idea de la rica que es esa zona en el aspecto mar\u00edtimo, sobre todo por la ubicaci\u00f3n geogr\u00e1fica. Nada m\u00e1s por estar ah\u00ed se gana dinero. El proyecto va a influir en regiones aleda\u00f1as, por lo pronto es todo el Istmo de Tehuantepec que ha estado abandonado por muchos a\u00f1os\u201d.\u00a0<\/p><\/blockquote>\n\n\n\n<p>El Corredor Interoce\u00e1nico del Istmo de Tehuantepec est\u00e1 destinado a una regi\u00f3n objetivo con alto rezago econ\u00f3mico y social, comprendida por 79 municipios (33 de Veracruz y 46 de Oaxaca) con objetivos prioritarios de impulsar un nuevo modelo de crecimiento econ\u00f3mico, acciones emergentes de atenci\u00f3n a la pobreza extrema, proteger el medio ambiente y la diversidad cultural en la regi\u00f3n.&nbsp;<\/p>\n","protected":false},"excerpt":{"rendered":"<p>Jes\u00fas&nbsp;Utrilla&nbsp;| NV Noticias&nbsp; Veracruz. \u2013&nbsp; El Corredor Interoce\u00e1nico no solo beneficiar\u00e1 a la zona de&nbsp;Coatzacoalcos,&nbsp;sino que el impacto llegar\u00e1 a la Cuenca del Papaloapan y otras regiones de Veracruz, se\u00f1al\u00f3 Rafael Garc\u00eda Anaya, presidente de la Sociedad Cooperativa de Marinos retirados.&nbsp; Dijo que tendr\u00e1n que ampliarse los&nbsp;puertos&nbsp;pero adem\u00e1s retomar el cabotaje, para tener mejor medio [&hellip;]<\/p>\n","protected":false},"author":6,"featured_media":22837,"comment_status":"open","ping_status":"open","sticky":false,"template":"","format":"standard","meta":{"_monsterinsights_skip_tracking":false,"_monsterinsights_sitenote_active":false,"_monsterinsights_sitenote_note":"","_monsterinsights_sitenote_category":0,"footnotes":""},"categories":[154],"tags":[1595,5855,162],"class_list":["post-22835","post","type-post","status-publish","format-standard","has-post-thumbnail","hentry","category-veracruz","tag-corredor-interoceanico","tag-cuenca-del-papaloapan","tag-portada","wp-image-borders"],"amp_enabled":true,"_links":{"self":[{"href":"https:\/\/nvnoticias.mx\/index.php\/wp-json\/wp\/v2\/posts\/22835","targetHints":{"allow":["GET"]}}],"collection":[{"href":"https:\/\/nvnoticias.mx\/index.php\/wp-json\/wp\/v2\/posts"}],"about":[{"href":"https:\/\/nvnoticias.mx\/index.php\/wp-json\/wp\/v2\/types\/post"}],"author":[{"embeddable":true,"href":"https:\/\/nvnoticias.mx\/index.php\/wp-json\/wp\/v2\/users\/6"}],"replies":[{"embeddable":true,"href":"https:\/\/nvnoticias.mx\/index.php\/wp-json\/wp\/v2\/comments?post=22835"}],"version-history":[{"count":1,"href":"https:\/\/nvnoticias.mx\/index.php\/wp-json\/wp\/v2\/posts\/22835\/revisions"}],"predecessor-version":[{"id":22836,"href":"https:\/\/nvnoticias.mx\/index.php\/wp-json\/wp\/v2\/posts\/22835\/revisions\/22836"}],"wp:featuredmedia":[{"embeddable":true,"href":"https:\/\/nvnoticias.mx\/index.php\/wp-json\/wp\/v2\/media\/22837"}],"wp:attachment":[{"href":"https:\/\/nvnoticias.mx\/index.php\/wp-json\/wp\/v2\/media?parent=22835"}],"wp:term":[{"taxonomy":"category","embeddable":true,"href":"https:\/\/nvnoticias.mx\/index.php\/wp-json\/wp\/v2\/categories?post=22835"},{"taxonomy":"post_tag","embeddable":true,"href":"https:\/\/nvnoticias.mx\/index.php\/wp-json\/wp\/v2\/tags?post=22835"}],"curies":[{"name":"wp","href":"https:\/\/api.w.org\/{rel}","templated":true}]}}