{"id":22551,"date":"2021-08-25T11:49:07","date_gmt":"2021-08-25T16:49:07","guid":{"rendered":"https:\/\/nvnoticias.mx\/?p=22551"},"modified":"2021-08-25T11:49:08","modified_gmt":"2021-08-25T16:49:08","slug":"luz-en-zonas-afectadas-quedara-restablecido-jueves","status":"publish","type":"post","link":"https:\/\/nvnoticias.mx\/index.php\/2021\/08\/25\/luz-en-zonas-afectadas-quedara-restablecido-jueves\/","title":{"rendered":"Servicio de luz en zonas afectadas quedar\u00e1 restablecido este jueves: CFE"},"content":{"rendered":"\n<p><strong>Sam Ojeda | NV Noticias<\/strong>&nbsp;<\/p>\n\n\n\n<p>Xalapa. &#8211;\u00a0\u00a0Este jueves quedar\u00e1 restablecido el suministro de energ\u00eda el\u00e9ctrica en los municipios de Veracruz afectados por el paso del hurac\u00e1n \u201cGrace\u201d, durante el fin de semana pasado.\u00a0\u00a0<\/p>\n\n\n\n<p>El director de la Comisi\u00f3n Federal de Electricidad (CFE), Manuel Bartlett D\u00edaz, confirm\u00f3&nbsp;que&nbsp;aunque este mi\u00e9rcoles se prev\u00e9 avanzar en el restablecimiento del servicio, las zonas m\u00e1s apartadas del estado ver\u00e1n la mejor\u00eda este jueves.&nbsp;<\/p>\n\n\n\n<p>Adem\u00e1s, indic\u00f3 que <strong>actualmente hay 86 mil usuarios que siguen sin luz<\/strong>, y record\u00f3 que por <strong>el impacto del hurac\u00e1n se interrumpi\u00f3 el servicio a 868 mil 996 usuarios de Veracruz, Puebla, Tlaxcala, Hidalgo y San Luis Potos\u00ed.\u00a0<\/strong><\/p>\n\n\n\n<p>En otro tema, el secretario de Marina, Jos\u00e9 Rafael Ojeda Dur\u00e1n, indic\u00f3 que a partir de este mi\u00e9rcoles iniciar\u00e1n con la entrega de manera masiva de los apoyos como agua y despensas, aunque desde hace 48 horas se inici\u00f3 con la entrega de algunos apoyos.&nbsp;&nbsp;<\/p>\n\n\n\n<p>Por su parte, la Secretar\u00eda de la Defensa Nacional (Sedena) dijo que tienen en proceso de distribuci\u00f3n 3 mil 429 despensas, que ser\u00e1n entregadas de persona a persona, sin intermediarios.&nbsp;&nbsp;<\/p>\n","protected":false},"excerpt":{"rendered":"<p>Sam Ojeda | NV Noticias&nbsp; Xalapa. &#8211;\u00a0\u00a0Este jueves quedar\u00e1 restablecido el suministro de energ\u00eda el\u00e9ctrica en los municipios de Veracruz afectados por el paso del hurac\u00e1n \u201cGrace\u201d, durante el fin de semana pasado.\u00a0\u00a0 El director de la Comisi\u00f3n Federal de Electricidad (CFE), Manuel Bartlett D\u00edaz, confirm\u00f3&nbsp;que&nbsp;aunque este mi\u00e9rcoles se prev\u00e9 avanzar en el restablecimiento del [&hellip;]<\/p>\n","protected":false},"author":6,"featured_media":22552,"comment_status":"open","ping_status":"open","sticky":false,"template":"","format":"standard","meta":{"_monsterinsights_skip_tracking":false,"_monsterinsights_sitenote_active":false,"_monsterinsights_sitenote_note":"","_monsterinsights_sitenote_category":0,"footnotes":""},"categories":[156],"tags":[821,951,162],"class_list":["post-22551","post","type-post","status-publish","format-standard","has-post-thumbnail","hentry","category-estado","tag-cfe","tag-luz","tag-portada","wp-image-borders"],"amp_enabled":true,"_links":{"self":[{"href":"https:\/\/nvnoticias.mx\/index.php\/wp-json\/wp\/v2\/posts\/22551","targetHints":{"allow":["GET"]}}],"collection":[{"href":"https:\/\/nvnoticias.mx\/index.php\/wp-json\/wp\/v2\/posts"}],"about":[{"href":"https:\/\/nvnoticias.mx\/index.php\/wp-json\/wp\/v2\/types\/post"}],"author":[{"embeddable":true,"href":"https:\/\/nvnoticias.mx\/index.php\/wp-json\/wp\/v2\/users\/6"}],"replies":[{"embeddable":true,"href":"https:\/\/nvnoticias.mx\/index.php\/wp-json\/wp\/v2\/comments?post=22551"}],"version-history":[{"count":1,"href":"https:\/\/nvnoticias.mx\/index.php\/wp-json\/wp\/v2\/posts\/22551\/revisions"}],"predecessor-version":[{"id":22553,"href":"https:\/\/nvnoticias.mx\/index.php\/wp-json\/wp\/v2\/posts\/22551\/revisions\/22553"}],"wp:featuredmedia":[{"embeddable":true,"href":"https:\/\/nvnoticias.mx\/index.php\/wp-json\/wp\/v2\/media\/22552"}],"wp:attachment":[{"href":"https:\/\/nvnoticias.mx\/index.php\/wp-json\/wp\/v2\/media?parent=22551"}],"wp:term":[{"taxonomy":"category","embeddable":true,"href":"https:\/\/nvnoticias.mx\/index.php\/wp-json\/wp\/v2\/categories?post=22551"},{"taxonomy":"post_tag","embeddable":true,"href":"https:\/\/nvnoticias.mx\/index.php\/wp-json\/wp\/v2\/tags?post=22551"}],"curies":[{"name":"wp","href":"https:\/\/api.w.org\/{rel}","templated":true}]}}