{"id":22459,"date":"2021-08-24T13:43:01","date_gmt":"2021-08-24T18:43:01","guid":{"rendered":"https:\/\/nvnoticias.mx\/?p=22459"},"modified":"2021-08-24T13:43:01","modified_gmt":"2021-08-24T18:43:01","slug":"solicitaran-emergencia-para-mas-de-58-municipios-en-veracruz","status":"publish","type":"post","link":"https:\/\/nvnoticias.mx\/index.php\/2021\/08\/24\/solicitaran-emergencia-para-mas-de-58-municipios-en-veracruz\/","title":{"rendered":"Solicitar\u00e1n emergencia para m\u00e1s de 58 municipios en Veracruz"},"content":{"rendered":"\n<p><strong>Sam Ojeda | NV Noticias<\/strong>&nbsp;<\/p>\n\n\n\n<p>Xalapa. &#8211;&nbsp;&nbsp;El gobernador Cuitl\u00e1huac Garc\u00eda Jim\u00e9nez asegur\u00f3 que&nbsp;solicitar\u00e1n&nbsp;declaratoria de emergencia para m\u00e1s de 58 municipios en Veracruz.&nbsp;<\/p>\n\n\n\n<p>Dijo que\u00a0por el paso del hurac\u00e1n \u201cGrace\u201d la emergencia se atender\u00e1 con tres formas, a trav\u00e9s de la declaratoria de emergencia, adem\u00e1s de un <strong>seguro de desastre por m\u00e1s de 100 millones de pesos.\u00a0<\/strong><\/p>\n\n\n\n<p>Y se cuenta con los recursos del seguro catastr\u00f3fico para el campo que ser\u00e1 aplicado en las zonas en donde los cultivos se perdieron a causa de las lluvias.&nbsp;&nbsp;<\/p>\n\n\n\n<blockquote class=\"wp-block-quote is-layout-flow wp-block-quote-is-layout-flow\"><p>&#8220;Tenemos tres maneras de financiar esto, primero la declaratoria de emergencia que se extiende a 58 municipios, el seguro de desastres y el seguro agrario para cuestiones de da\u00f1os a cosechas como ma\u00edz, pl\u00e1tanos y c\u00edtricos&#8221;.\u00a0<\/p><\/blockquote>\n\n\n\n<p>La intenci\u00f3n es que el apoyo no se duplique porque la Federaci\u00f3n anunciar\u00e1 un paquete de apoyos para los afectados de la regi\u00f3n norte y&nbsp;y&nbsp;centro donde el hurac\u00e1n golpe\u00f3 en categor\u00eda 3.&nbsp;<\/p>\n","protected":false},"excerpt":{"rendered":"<p>Sam Ojeda | NV Noticias&nbsp; Xalapa. &#8211;&nbsp;&nbsp;El gobernador Cuitl\u00e1huac Garc\u00eda Jim\u00e9nez asegur\u00f3 que&nbsp;solicitar\u00e1n&nbsp;declaratoria de emergencia para m\u00e1s de 58 municipios en Veracruz.&nbsp; Dijo que\u00a0por el paso del hurac\u00e1n \u201cGrace\u201d la emergencia se atender\u00e1 con tres formas, a trav\u00e9s de la declaratoria de emergencia, adem\u00e1s de un seguro de desastre por m\u00e1s de 100 millones de [&hellip;]<\/p>\n","protected":false},"author":6,"featured_media":22471,"comment_status":"open","ping_status":"open","sticky":false,"template":"","format":"standard","meta":{"_monsterinsights_skip_tracking":false,"_monsterinsights_sitenote_active":false,"_monsterinsights_sitenote_note":"","_monsterinsights_sitenote_category":0,"footnotes":""},"categories":[156],"tags":[262,2810,162,180],"class_list":["post-22459","post","type-post","status-publish","format-standard","has-post-thumbnail","hentry","category-estado","tag-emergencia","tag-municipios","tag-portada","tag-veracruz","wp-image-borders"],"amp_enabled":true,"_links":{"self":[{"href":"https:\/\/nvnoticias.mx\/index.php\/wp-json\/wp\/v2\/posts\/22459","targetHints":{"allow":["GET"]}}],"collection":[{"href":"https:\/\/nvnoticias.mx\/index.php\/wp-json\/wp\/v2\/posts"}],"about":[{"href":"https:\/\/nvnoticias.mx\/index.php\/wp-json\/wp\/v2\/types\/post"}],"author":[{"embeddable":true,"href":"https:\/\/nvnoticias.mx\/index.php\/wp-json\/wp\/v2\/users\/6"}],"replies":[{"embeddable":true,"href":"https:\/\/nvnoticias.mx\/index.php\/wp-json\/wp\/v2\/comments?post=22459"}],"version-history":[{"count":1,"href":"https:\/\/nvnoticias.mx\/index.php\/wp-json\/wp\/v2\/posts\/22459\/revisions"}],"predecessor-version":[{"id":22470,"href":"https:\/\/nvnoticias.mx\/index.php\/wp-json\/wp\/v2\/posts\/22459\/revisions\/22470"}],"wp:featuredmedia":[{"embeddable":true,"href":"https:\/\/nvnoticias.mx\/index.php\/wp-json\/wp\/v2\/media\/22471"}],"wp:attachment":[{"href":"https:\/\/nvnoticias.mx\/index.php\/wp-json\/wp\/v2\/media?parent=22459"}],"wp:term":[{"taxonomy":"category","embeddable":true,"href":"https:\/\/nvnoticias.mx\/index.php\/wp-json\/wp\/v2\/categories?post=22459"},{"taxonomy":"post_tag","embeddable":true,"href":"https:\/\/nvnoticias.mx\/index.php\/wp-json\/wp\/v2\/tags?post=22459"}],"curies":[{"name":"wp","href":"https:\/\/api.w.org\/{rel}","templated":true}]}}