{"id":22402,"date":"2021-08-24T09:50:28","date_gmt":"2021-08-24T14:50:28","guid":{"rendered":"https:\/\/nvnoticias.mx\/?p=22402"},"modified":"2021-08-24T10:02:47","modified_gmt":"2021-08-24T15:02:47","slug":"ricardo-anaya-no-sera-detenido-si-se-presenta","status":"publish","type":"post","link":"https:\/\/nvnoticias.mx\/index.php\/2021\/08\/24\/ricardo-anaya-no-sera-detenido-si-se-presenta\/","title":{"rendered":"Ricardo Anaya,\u00a0no ser\u00e1 detenido si se presenta ante los tribunales: Monreal"},"content":{"rendered":"\n<p>En entrevista radiof\u00f3nica con el&nbsp;periodista Loret de Mola,&nbsp;el presidente de la Junta de Coordinaci\u00f3n Pol\u00edtica del Senado,&nbsp;Ricardo Monreal, asegur\u00f3 que el excandidato presidencial,&nbsp;Ricardo Anaya,&nbsp;no ser\u00e1 detenido si se presenta ante los tribunales, luego de recibir un citatorio de la FGR.<\/p>\n\n\n\n<p>El senador sostuvo que&nbsp;el panista&nbsp;podr\u00eda ser protegido por el poder judicial si presenta pruebas contundentes.<\/p>\n\n\n\n<blockquote class=\"wp-block-quote is-layout-flow wp-block-quote-is-layout-flow\"><p> \u201cYo creo que si presenta y hace valer sus acciones de inocencia, y son pruebas contundentes, el poder judicial lo va a proteger y el ministerio p\u00fablico tendr\u00e1 que aceptar la no contundencia de sus pruebas en un \u00f3rgano jurisdiccional aut\u00f3nomo independiente\u201d, menciona Monreal.<\/p><p><\/p><\/blockquote>\n\n\n\n<p>Aunque admiti\u00f3 sentir respeto por su excompa\u00f1ero legislador,&nbsp;el presidente de la Jucopo&nbsp;afirm\u00f3 que Anaya deber\u00eda de someterse al proceso, no salir del pa\u00eds, asumir la&nbsp;responsabilidad del citatorio&nbsp;y demostrar su inocencia \u201c<em>que \u00e9l alega<\/em>\u201d.<\/p>\n\n\n\n<p>Por otra parte, descart\u00f3 que el presidente L\u00f3pez Obrador est\u00e9 interesado en judicializar o perseguir a un adversario, ya que ha vivido &#8220;<em>en carne propia<\/em>&#8221; dichos procesos.<\/p>\n\n\n\n<blockquote class=\"wp-block-quote is-layout-flow wp-block-quote-is-layout-flow\"><p>\u201cAndr\u00e9s Manuel L\u00f3pez Obrador sufri\u00f3 en carne propia la persecuci\u00f3n pol\u00edtica, la estigmatizaci\u00f3n judicial, fue desaforado y se someti\u00f3 a un proceso de persecuci\u00f3n del Estado\u201d, apunt\u00f3.<\/p><\/blockquote>\n\n\n\n<p>Adem\u00e1s, Ricardo Monreal no ve que el panista pueda ser un candidato presidencial fuerte para 2024.<\/p>\n\n\n\n<blockquote class=\"wp-block-quote is-layout-flow wp-block-quote-is-layout-flow\"><p> \u201cTampoco creo que Ricardo Anaya genere alg\u00fan problema de que pueda ser candidato a la Presidencia y pueda generar una movilizaci\u00f3n de tal suerte que pueda ganar\u201d, destac\u00f3.<\/p><\/blockquote>\n\n\n\n<p>Al ser cuestionado por el tambi\u00e9n&nbsp;columnista de EL universal&nbsp;si se le est\u00e1 haciendo campa\u00f1a pol\u00edtica a la oposici\u00f3n, el legislador admiti\u00f3 que a este tema le ha dado \u201c<em>mucho espacio<\/em>\u201d el propio Presidente, al otorgarle demasiada importancia a un adversario pol\u00edtico m\u00e1s.<\/p>\n\n\n\n<blockquote class=\"wp-block-quote is-layout-flow wp-block-quote-is-layout-flow\"><p>\u201cUna voz, una palabra, un comentario de un hombre tan fuerte como es el Licenciado L\u00f3pez Obrador, lo llevas a un plano que quiz\u00e1 no le corresponda. Tampoco veo a Ricardo Anaya con una fuerza pol\u00edtica tan importante como para poder desestabilizar o generar un entorno pol\u00edtico creciente\u201d, dijo.<\/p><\/blockquote>\n\n\n\n<p>Fuente: El universal<\/p>\n","protected":false},"excerpt":{"rendered":"<p>En entrevista radiof\u00f3nica con el&nbsp;periodista Loret de Mola,&nbsp;el presidente de la Junta de Coordinaci\u00f3n Pol\u00edtica del Senado,&nbsp;Ricardo Monreal, asegur\u00f3 que el excandidato presidencial,&nbsp;Ricardo Anaya,&nbsp;no ser\u00e1 detenido si se presenta ante los tribunales, luego de recibir un citatorio de la FGR. El senador sostuvo que&nbsp;el panista&nbsp;podr\u00eda ser protegido por el poder judicial si presenta pruebas contundentes. [&hellip;]<\/p>\n","protected":false},"author":35,"featured_media":20552,"comment_status":"open","ping_status":"open","sticky":false,"template":"","format":"standard","meta":{"_monsterinsights_skip_tracking":false,"_monsterinsights_sitenote_active":false,"_monsterinsights_sitenote_note":"","_monsterinsights_sitenote_category":0,"footnotes":""},"categories":[158],"tags":[188,509,600,5790],"class_list":["post-22402","post","type-post","status-publish","format-standard","has-post-thumbnail","hentry","category-politica","tag-amlo","tag-ricardo-anaya","tag-ricardo-monreal","tag-tribunales","wp-image-borders"],"amp_enabled":true,"_links":{"self":[{"href":"https:\/\/nvnoticias.mx\/index.php\/wp-json\/wp\/v2\/posts\/22402","targetHints":{"allow":["GET"]}}],"collection":[{"href":"https:\/\/nvnoticias.mx\/index.php\/wp-json\/wp\/v2\/posts"}],"about":[{"href":"https:\/\/nvnoticias.mx\/index.php\/wp-json\/wp\/v2\/types\/post"}],"author":[{"embeddable":true,"href":"https:\/\/nvnoticias.mx\/index.php\/wp-json\/wp\/v2\/users\/35"}],"replies":[{"embeddable":true,"href":"https:\/\/nvnoticias.mx\/index.php\/wp-json\/wp\/v2\/comments?post=22402"}],"version-history":[{"count":6,"href":"https:\/\/nvnoticias.mx\/index.php\/wp-json\/wp\/v2\/posts\/22402\/revisions"}],"predecessor-version":[{"id":22412,"href":"https:\/\/nvnoticias.mx\/index.php\/wp-json\/wp\/v2\/posts\/22402\/revisions\/22412"}],"wp:featuredmedia":[{"embeddable":true,"href":"https:\/\/nvnoticias.mx\/index.php\/wp-json\/wp\/v2\/media\/20552"}],"wp:attachment":[{"href":"https:\/\/nvnoticias.mx\/index.php\/wp-json\/wp\/v2\/media?parent=22402"}],"wp:term":[{"taxonomy":"category","embeddable":true,"href":"https:\/\/nvnoticias.mx\/index.php\/wp-json\/wp\/v2\/categories?post=22402"},{"taxonomy":"post_tag","embeddable":true,"href":"https:\/\/nvnoticias.mx\/index.php\/wp-json\/wp\/v2\/tags?post=22402"}],"curies":[{"name":"wp","href":"https:\/\/api.w.org\/{rel}","templated":true}]}}