{"id":22228,"date":"2021-08-23T09:26:50","date_gmt":"2021-08-23T14:26:50","guid":{"rendered":"https:\/\/nvnoticias.mx\/?p=22228"},"modified":"2021-08-23T10:05:47","modified_gmt":"2021-08-23T15:05:47","slug":"amlo-le-pide-a-ricardo-anaya-que-de-la-cara","status":"publish","type":"post","link":"https:\/\/nvnoticias.mx\/index.php\/2021\/08\/23\/amlo-le-pide-a-ricardo-anaya-que-de-la-cara\/","title":{"rendered":"AMLO le pide a Ricardo Anaya que d\u00e9 la cara y que no se vaya del pa\u00eds"},"content":{"rendered":"\n<p>Ante la posibilidad de que Ricardo Anaya abandone el pa\u00eds, el Presidente le recomend\u00f3 presentarse ante las autoridades y defenderse, en caso de ser inocente, de las acusaciones en su contra. <\/p>\n\n\n\n<p>Sostuvo que en su gobierno no se persigue a nadie, por lo que pidi\u00f3 al ex candidato que no lo culpe. <\/p>\n\n\n\n<blockquote class=\"wp-block-quote is-layout-flow wp-block-quote-is-layout-flow\"><p>\u201cQue de la cara, que est\u00e9 cambiado de opini\u00f3n y que no se vaya a salir del pa\u00eds, puede ir a declarar y \u00bfyo que tengo que ver con el citatorio? El citatorio es de la Fiscal\u00eda, del juez, del Poder Judicial. (&#8230;) Es una maniobra politiquera querer salir as\u00ed adelante, mejor que vaya y que declare y demuestre que no recibi\u00f3 dinero y adelante\u201d, coment\u00f3. <\/p><\/blockquote>\n\n\n\n<p>L\u00f3pez Obrador, neg\u00f3 que estuviera realizando persecuci\u00f3n pol\u00edtica al ex candidato presidencial, Ricardo Anaya.<\/p>\n\n\n\n<blockquote class=\"wp-block-quote is-layout-flow wp-block-quote-is-layout-flow\"><p>\u201c\u00c9l acusa de ser perseguido por el presidente, por mi. Eso es una mentira. Eso es falso (&#8230;) Yo no tengo nada que ver absolutamente (&#8230;) Nosotros no somos opresores, somos distintos, tenemos moral\u201d,&nbsp;asever\u00f3.<\/p><\/blockquote>\n\n\n\n<p>Asimismo, el mandatario&nbsp;rechaz\u00f3&nbsp;haberse involucrado con la FGR o los jueces del poder judicial y asegur\u00f3 que la estrategia de adjudicarle la culpa es una \u201cmaniobra politiquera\u201d del panista para deslindarse de su responsabilidad.<\/p>\n\n\n\n<blockquote class=\"wp-block-quote is-layout-flow wp-block-quote-is-layout-flow\"><p>\u201c\u00c9l pensando que as\u00ed hechandome la culpa, sinti\u00e9ndose perseguido, la iba a librar. Muy mal (&#8230;) Los testigos que menciona, no los conozco (&#8230;) Es una maniobra politiquera el salir as\u00ed adelante. Mejor que declare (&#8230;)&nbsp;Que lo defienda su partido\u201d, se\u00f1al\u00f3.<\/p><\/blockquote>\n\n\n\n<p>Fuente: <a href=\"https:\/\/www.milenio.com\/politica\/la-mananera-que-dijo-amlo-en-la-conferencia-de-hoy-23-de-agosto\">Milenio<\/a> \/ Infobae<\/p>\n","protected":false},"excerpt":{"rendered":"<p>Ante la posibilidad de que Ricardo Anaya abandone el pa\u00eds, el Presidente le recomend\u00f3 presentarse ante las autoridades y defenderse, en caso de ser inocente, de las acusaciones en su contra. Sostuvo que en su gobierno no se persigue a nadie, por lo que pidi\u00f3 al ex candidato que no lo culpe. \u201cQue de la [&hellip;]<\/p>\n","protected":false},"author":6,"featured_media":20948,"comment_status":"open","ping_status":"open","sticky":false,"template":"","format":"standard","meta":{"_monsterinsights_skip_tracking":false,"_monsterinsights_sitenote_active":false,"_monsterinsights_sitenote_note":"","_monsterinsights_sitenote_category":0,"footnotes":""},"categories":[158],"tags":[188,162,509],"class_list":["post-22228","post","type-post","status-publish","format-standard","has-post-thumbnail","hentry","category-politica","tag-amlo","tag-portada","tag-ricardo-anaya","wp-image-borders"],"amp_enabled":true,"_links":{"self":[{"href":"https:\/\/nvnoticias.mx\/index.php\/wp-json\/wp\/v2\/posts\/22228","targetHints":{"allow":["GET"]}}],"collection":[{"href":"https:\/\/nvnoticias.mx\/index.php\/wp-json\/wp\/v2\/posts"}],"about":[{"href":"https:\/\/nvnoticias.mx\/index.php\/wp-json\/wp\/v2\/types\/post"}],"author":[{"embeddable":true,"href":"https:\/\/nvnoticias.mx\/index.php\/wp-json\/wp\/v2\/users\/6"}],"replies":[{"embeddable":true,"href":"https:\/\/nvnoticias.mx\/index.php\/wp-json\/wp\/v2\/comments?post=22228"}],"version-history":[{"count":3,"href":"https:\/\/nvnoticias.mx\/index.php\/wp-json\/wp\/v2\/posts\/22228\/revisions"}],"predecessor-version":[{"id":22244,"href":"https:\/\/nvnoticias.mx\/index.php\/wp-json\/wp\/v2\/posts\/22228\/revisions\/22244"}],"wp:featuredmedia":[{"embeddable":true,"href":"https:\/\/nvnoticias.mx\/index.php\/wp-json\/wp\/v2\/media\/20948"}],"wp:attachment":[{"href":"https:\/\/nvnoticias.mx\/index.php\/wp-json\/wp\/v2\/media?parent=22228"}],"wp:term":[{"taxonomy":"category","embeddable":true,"href":"https:\/\/nvnoticias.mx\/index.php\/wp-json\/wp\/v2\/categories?post=22228"},{"taxonomy":"post_tag","embeddable":true,"href":"https:\/\/nvnoticias.mx\/index.php\/wp-json\/wp\/v2\/tags?post=22228"}],"curies":[{"name":"wp","href":"https:\/\/api.w.org\/{rel}","templated":true}]}}