{"id":22223,"date":"2021-08-23T09:04:29","date_gmt":"2021-08-23T14:04:29","guid":{"rendered":"https:\/\/nvnoticias.mx\/?p=22223"},"modified":"2021-08-23T09:04:31","modified_gmt":"2021-08-23T14:04:31","slug":"anuncia-ricardo-anaya-exilio-de-mexico","status":"publish","type":"post","link":"https:\/\/nvnoticias.mx\/index.php\/2021\/08\/23\/anuncia-ricardo-anaya-exilio-de-mexico\/","title":{"rendered":"Anuncia Ricardo Anaya exilio de M\u00e9xico tras citatorio al Reclusorio Norte"},"content":{"rendered":"\n<p>Ricardo Anaya, ex candidato presidencial en 2018, anunci\u00f3 que se exiliar\u00e1 de M\u00e9xico pues fue citado para una\u00a0audiencia en el reclusorio Norte por delitos que, de acuerdo con \u00e9l, suman 30 a\u00f1os de prisi\u00f3n.\u00a0 <\/p>\n\n\n\n<p>En un mensaje en Twitter, el panista se\u00f1al\u00f3 que tal notificaci\u00f3n judicial se da a pesar de que el presidente Andr\u00e9s Manuel\u00a0L\u00f3pez Obrador neg\u00f3 quererlo encarcelar. <\/p>\n\n\n\n<figure class=\"wp-block-embed is-type-rich is-provider-twitter wp-block-embed-twitter\"><div class=\"wp-block-embed__wrapper\">\n<blockquote class=\"twitter-tweet\" data-width=\"550\" data-dnt=\"true\"><p lang=\"es\" dir=\"ltr\">L\u00f3pez Obrador neg\u00f3 quererme encarcelar, pero resulta que me acaba de llegar el citatorio para una audiencia en el reclusorio norte. Los delitos que me imputan \u201csolo\u201d suman 30 a\u00f1os de prisi\u00f3n. \u00a1Menos mal que su fuerte no es la venganza! Vamos para adelante, hasta donde tope. <a href=\"https:\/\/t.co\/VoIVueuQNE\">pic.twitter.com\/VoIVueuQNE<\/a><\/p>&mdash; RicardoAnayaC (@RicardoAnayaC) <a href=\"https:\/\/twitter.com\/RicardoAnayaC\/status\/1429780231473225733?ref_src=twsrc%5Etfw\">August 23, 2021<\/a><\/blockquote><script async src=\"https:\/\/platform.twitter.com\/widgets.js\" charset=\"utf-8\"><\/script>\n<\/div><\/figure>\n\n\n\n<blockquote class=\"wp-block-quote is-layout-flow wp-block-quote-is-layout-flow\"><p>&#8220;Los delitos de los que me acusan,\u00a0sumar\u00edan 30 a\u00f1os de c\u00e1rcel. Menos mal que no hay persecuci\u00f3n pol\u00edtica y que no es tu fuerte la venganza, Andr\u00e9s Manuel. Si no, imag\u00ednate\u201d, ironiz\u00f3.<\/p><\/blockquote>\n\n\n\n<p>Anaya Cort\u00e9s sostuvo que es inocente, y calific\u00f3 al presidente\u00a0Andr\u00e9s Manuel L\u00f3pez Obrador, quien recientemente le pidi\u00f3 presentarse ante las autoridades, de ser &#8220;el m\u00e1s mentiroso de la historia&#8221;.<\/p>\n\n\n\n<blockquote class=\"wp-block-quote is-layout-flow wp-block-quote-is-layout-flow\"><p>&#8220;Claro que soy inocente, pero por supuesto que no le creo al presidente m\u00e1s mentiroso de la historia. S\u00e9 perfectamente que si entro al reclusorio, no me van a dejar salir. \u00bfC\u00f3mo voy a creer en un juicio justo cuando empiezan por alterar el expediente y cambiar la declaraci\u00f3n de Lozoya para poder acusarme?\u201d<\/p><\/blockquote>\n\n\n\n<p>Sostuvo que el proceso judicial que est\u00e1 en marcha, fue ordenado por el titular del ejecutivo, quien busca encarcelarlo para que pierda sus derechos pol\u00edticos, lo que le impedir\u00eda ser candidato en 2024.<\/p>\n\n\n\n<p>Agreg\u00f3 que tras las rejas, L\u00f3pez Obrador tambi\u00e9n quiere evitar que siga criticando su desempe\u00f1o, pues desde la c\u00e1rcel ser\u00eda imposible seguir publicando videos.<\/p>\n\n\n\n<blockquote class=\"wp-block-quote is-layout-flow wp-block-quote-is-layout-flow\"><p>\u201cAs\u00ed est\u00e1n las cosas en M\u00e9xico. Si est\u00e1s con L\u00f3pez Obrador, tienes protecci\u00f3n. Ah\u00ed est\u00e1n sus hermanos recibiendo fajos de dinero, los responsables del colapso de la L\u00ednea 12, Bartlett, Irma Er\u00e9ndira y hasta solt\u00f3 a Ovidio, el hijo del Chapo Guzm\u00e1n. Ah, pero si eres su adversario, en 24 horas te mandan un citatorio y te tratan de meter 30 a\u00f1os a la c\u00e1rcel \u00bfPues en qu\u00e9 pa\u00eds nos estamos convirtiendo?\u201d, cuestion\u00f3.<\/p><\/blockquote>\n\n\n\n<p>Fuente: <a href=\"https:\/\/www.milenio.com\/politica\/ricardo-anaya-anuncia-exilio-de-mexico\">Milenio <\/a>\/ El Universal<\/p>\n","protected":false},"excerpt":{"rendered":"<p>Ricardo Anaya, ex candidato presidencial en 2018, anunci\u00f3 que se exiliar\u00e1 de M\u00e9xico pues fue citado para una\u00a0audiencia en el reclusorio Norte por delitos que, de acuerdo con \u00e9l, suman 30 a\u00f1os de prisi\u00f3n.\u00a0 En un mensaje en Twitter, el panista se\u00f1al\u00f3 que tal notificaci\u00f3n judicial se da a pesar de que el presidente Andr\u00e9s [&hellip;]<\/p>\n","protected":false},"author":6,"featured_media":22225,"comment_status":"open","ping_status":"open","sticky":false,"template":"","format":"standard","meta":{"_monsterinsights_skip_tracking":false,"_monsterinsights_sitenote_active":false,"_monsterinsights_sitenote_note":"","_monsterinsights_sitenote_category":0,"footnotes":""},"categories":[158],"tags":[5761,292,162,509],"class_list":["post-22223","post","type-post","status-publish","format-standard","has-post-thumbnail","hentry","category-politica","tag-exilio","tag-mexico","tag-portada","tag-ricardo-anaya","wp-image-borders"],"amp_enabled":true,"_links":{"self":[{"href":"https:\/\/nvnoticias.mx\/index.php\/wp-json\/wp\/v2\/posts\/22223","targetHints":{"allow":["GET"]}}],"collection":[{"href":"https:\/\/nvnoticias.mx\/index.php\/wp-json\/wp\/v2\/posts"}],"about":[{"href":"https:\/\/nvnoticias.mx\/index.php\/wp-json\/wp\/v2\/types\/post"}],"author":[{"embeddable":true,"href":"https:\/\/nvnoticias.mx\/index.php\/wp-json\/wp\/v2\/users\/6"}],"replies":[{"embeddable":true,"href":"https:\/\/nvnoticias.mx\/index.php\/wp-json\/wp\/v2\/comments?post=22223"}],"version-history":[{"count":1,"href":"https:\/\/nvnoticias.mx\/index.php\/wp-json\/wp\/v2\/posts\/22223\/revisions"}],"predecessor-version":[{"id":22224,"href":"https:\/\/nvnoticias.mx\/index.php\/wp-json\/wp\/v2\/posts\/22223\/revisions\/22224"}],"wp:featuredmedia":[{"embeddable":true,"href":"https:\/\/nvnoticias.mx\/index.php\/wp-json\/wp\/v2\/media\/22225"}],"wp:attachment":[{"href":"https:\/\/nvnoticias.mx\/index.php\/wp-json\/wp\/v2\/media?parent=22223"}],"wp:term":[{"taxonomy":"category","embeddable":true,"href":"https:\/\/nvnoticias.mx\/index.php\/wp-json\/wp\/v2\/categories?post=22223"},{"taxonomy":"post_tag","embeddable":true,"href":"https:\/\/nvnoticias.mx\/index.php\/wp-json\/wp\/v2\/tags?post=22223"}],"curies":[{"name":"wp","href":"https:\/\/api.w.org\/{rel}","templated":true}]}}