{"id":22214,"date":"2021-08-23T07:17:20","date_gmt":"2021-08-23T12:17:20","guid":{"rendered":"https:\/\/nvnoticias.mx\/?p=22214"},"modified":"2021-08-23T07:17:21","modified_gmt":"2021-08-23T12:17:21","slug":"un-regreso-a-clases-ordenado-responsable-y-presencial","status":"publish","type":"post","link":"https:\/\/nvnoticias.mx\/index.php\/2021\/08\/23\/un-regreso-a-clases-ordenado-responsable-y-presencial\/","title":{"rendered":"Un regreso a clases ordenado, responsable y presencial\u2026"},"content":{"rendered":"\n<p class=\"has-text-align-right\"><strong>Mtro. Edgard Gonz\u00e1lez Su\u00e1rez<\/strong><\/p>\n\n\n\n<p>Finalmente, el d\u00eda 23 de agosto de 2021 la Secretaria de Educaci\u00f3n P\u00fablica (SEP) public\u00f3 en el Diario Oficial de la Federaci\u00f3n un acuerdo un acuerdo para el regreso a clases de manera presencial para toda la Educaci\u00f3n B\u00e1sica en el pa\u00eds. El programa implica un regreso ordenado, presencial y responsable. Despu\u00e9s de un debate p\u00fablico entre el gobierno y la sociedad civil acerca de la llamada carta responsiva, y la muy evidente ruptura del presidente de la rep\u00fablica con esa carta responsiva, finalmente la SEP s\u00f3lo incluy\u00f3 9 acciones ha desarrollar en las escuelas. Por otro lado, cuando el regreso a clases presencial parec\u00eda obligatorio, ahora el gobierno matiz\u00f3 su propuesta y ser\u00e1 voluntario.<\/p>\n\n\n\n<p>Entre las acciones que todas las escuelas p\u00fablicas deber\u00e1n realizar se destacan:<\/p>\n\n\n\n<ol class=\"wp-block-list\" type=\"1\"><li>La constituci\u00f3n de los comit\u00e9s de salud escolar en cada uno de los centros escolares<\/li><li>Establecer filtros de salud tanto en casa, a la entrada en la escuela y en las aulas<\/li><li>Suspender todo tipo de ceremonias que impliquen la concentraci\u00f3n de la poblaci\u00f3n estudiantil.<\/li><li>Dar aviso a las autoridades de salud inmediatamente cuando se detecte o sospeche que hay alguna persona tiene signos o s\u00edntomas asociados al COVID-19.<\/li><li>Hacer uso de las medidas sanitarias ya conocidas como el lavado de manos, sana distancia y el uso correcto del tapabocas.<\/li><\/ol>\n\n\n\n<p>Ser\u00e1 el Consejo T\u00e9cnico Escolar el encargado de supervisar, dar seguimiento, y hacer las adecuaciones necesarias seg\u00fan la escuela, el contexto y el nivel educativo de que se trate.<\/p>\n\n\n\n<p>Si bien todos los ni\u00f1os deber\u00e1n de reactivar su inscripci\u00f3n a este ciclo escolar, y todos deber\u00e1n de aparecer registrados en la matr\u00edcula del Sistema Educativo Nacional, el regreso presencial ser\u00e1 voluntario y los padres podr\u00e1n decidir si env\u00edan o no a sus hijos a la escuela.<\/p>\n\n\n\n<p>Por otro lado, la SEP orient\u00f3 a las autoridades escolares a atender sin demora la salud socioemocional de los estudiantes; hacer una revisi\u00f3n y evaluaci\u00f3n diagn\u00f3stica para detectar los avances o insuficiencias de los aprendizajes logrados, e identificar claramente aquellos casos de abandono escolar.<\/p>\n\n\n\n<p>El proyecto y el discurso suenan bien, pareciera incluso impecable, sin embargo, hay una gran diversidad de condiciones y realidades en las escuelas del pa\u00eds, qu\u00e9 si bien est\u00e1n obligadas a atender las disposiciones de la autoridad federal, lo cierto es que tambi\u00e9n har\u00e1n frente a un sin n\u00famero de dificultades para salir adelante. Lo cierto es, tambi\u00e9n, que hay una gran cantidad de padres que est\u00e1n dispuestos a colaborar con el gobierno, siempre y cuando no se ponga en peligro la salud de sus hijos.<\/p>\n\n\n\n<p>Pudimos recuperar, de padres de familia, tres visiones sobre el tema:<\/p>\n\n\n\n<ol class=\"wp-block-list\" type=\"a\"><li>Un regreso ordenado, bajo control sanitario y paulatino. (lo que parece m\u00e1s sensato)<\/li><li>El gobierno no tiene idea de como regresar a las aulas y solo obedece a los pa\u00edses extranjeros. (lo que parece una reacci\u00f3n hist\u00e9rica ante la falta de argumentos)<\/li><li>Los padres ya queremos que los ni\u00f1os regresen a clases, los \u00fanicos que no quieren trabajar son los maestros, los cuales solo quieren cobrar y andar de vacaciones. (lo que parece la b\u00fasqueda de un \u201cchivo expiatorio\u201d ante el desastre educativo).<\/li><\/ol>\n\n\n\n<p>C\u00f3mo sea, todo parece indicar que en la misma sociedad civil no tienen tampoco una visi\u00f3n unificada del asunto.<\/p>\n\n\n\n<p>Lo previsible es que el regreso a clases sea paulatino, en la medida de que las escuelas ganen confianza, y seguridad para sus alumnos. Ordenado, toda vez que hay escuelas primarias con mas de 300 alumnos, secundarias con m\u00e1s 1000, y bachilleratos, como el CETMAR de Veracruz con cerca de 3000, y que seguramente deber\u00e1n hacer frente a sus respectivas condiciones infraestructurales, sanitarias y socioculturales.<\/p>\n\n\n\n<p>En este sentido, debemos estar alerta para seguir de cerca como las escuelas empiezan a resolver su regreso a clases de manera paulatina, ordenada y responsable. El proceso de reactivaci\u00f3n de la escolaridad presencial no parece nada sencillo, pero por lo pronto, tampoco parece que vaya a ser descontrolado y ca\u00f3tico.<\/p>\n\n\n\n<p>Vamos a ver nuestras capacidades y seguramente estar\u00e1n a prueba en los pr\u00f3ximos tres meses.<\/p>\n","protected":false},"excerpt":{"rendered":"<p>Mtro. Edgard Gonz\u00e1lez Su\u00e1rez Finalmente, el d\u00eda 23 de agosto de 2021 la Secretaria de Educaci\u00f3n P\u00fablica (SEP) public\u00f3 en el Diario Oficial de la Federaci\u00f3n un acuerdo un acuerdo para el regreso a clases de manera presencial para toda la Educaci\u00f3n B\u00e1sica en el pa\u00eds. El programa implica un regreso ordenado, presencial y responsable. [&hellip;]<\/p>\n","protected":false},"author":26,"featured_media":21418,"comment_status":"open","ping_status":"open","sticky":false,"template":"","format":"standard","meta":{"_monsterinsights_skip_tracking":false,"_monsterinsights_sitenote_active":false,"_monsterinsights_sitenote_note":"","_monsterinsights_sitenote_category":0,"footnotes":""},"categories":[242],"tags":[702],"class_list":["post-22214","post","type-post","status-publish","format-standard","has-post-thumbnail","hentry","category-macroscopio","tag-edgard-gonzalez-suarez","wp-image-borders"],"amp_enabled":true,"_links":{"self":[{"href":"https:\/\/nvnoticias.mx\/index.php\/wp-json\/wp\/v2\/posts\/22214","targetHints":{"allow":["GET"]}}],"collection":[{"href":"https:\/\/nvnoticias.mx\/index.php\/wp-json\/wp\/v2\/posts"}],"about":[{"href":"https:\/\/nvnoticias.mx\/index.php\/wp-json\/wp\/v2\/types\/post"}],"author":[{"embeddable":true,"href":"https:\/\/nvnoticias.mx\/index.php\/wp-json\/wp\/v2\/users\/26"}],"replies":[{"embeddable":true,"href":"https:\/\/nvnoticias.mx\/index.php\/wp-json\/wp\/v2\/comments?post=22214"}],"version-history":[{"count":1,"href":"https:\/\/nvnoticias.mx\/index.php\/wp-json\/wp\/v2\/posts\/22214\/revisions"}],"predecessor-version":[{"id":22215,"href":"https:\/\/nvnoticias.mx\/index.php\/wp-json\/wp\/v2\/posts\/22214\/revisions\/22215"}],"wp:featuredmedia":[{"embeddable":true,"href":"https:\/\/nvnoticias.mx\/index.php\/wp-json\/wp\/v2\/media\/21418"}],"wp:attachment":[{"href":"https:\/\/nvnoticias.mx\/index.php\/wp-json\/wp\/v2\/media?parent=22214"}],"wp:term":[{"taxonomy":"category","embeddable":true,"href":"https:\/\/nvnoticias.mx\/index.php\/wp-json\/wp\/v2\/categories?post=22214"},{"taxonomy":"post_tag","embeddable":true,"href":"https:\/\/nvnoticias.mx\/index.php\/wp-json\/wp\/v2\/tags?post=22214"}],"curies":[{"name":"wp","href":"https:\/\/api.w.org\/{rel}","templated":true}]}}