{"id":22197,"date":"2021-08-22T16:19:48","date_gmt":"2021-08-22T21:19:48","guid":{"rendered":"https:\/\/nvnoticias.mx\/?p=22197"},"modified":"2021-08-22T16:19:48","modified_gmt":"2021-08-22T21:19:48","slug":"habilitan-mas-areas-covid-en-imss-no-71","status":"publish","type":"post","link":"https:\/\/nvnoticias.mx\/index.php\/2021\/08\/22\/habilitan-mas-areas-covid-en-imss-no-71\/","title":{"rendered":"Habilitan m\u00e1s \u00e1reas covid en IMSS No. 71"},"content":{"rendered":"\n<p><strong>Jes\u00fas Utrilla | NV Noticias<\/strong><\/p>\n\n\n\n<p>Personal del Hospital General de la Zona No. 71 en Veracruz, inform\u00f3 a trav\u00e9s de las redes sociales que ante el alto n\u00famero de contagios de coronavirus habilitar\u00e1n un piso m\u00e1s para poder atender a los pacientes que lo requieran.<\/p>\n\n\n\n<p>A trav\u00e9s de la cuenta de Facebook \u201cTrabajadores del HGZ 71\u201d comentaron que los contagios no disminuyen y por el contrario ahora hay necesidad de abrir una nueva \u00e1rea debido a la saturaci\u00f3n que se registra actualmente.<\/p>\n\n\n\n<p>Escribieron: \u201cPreparando el 2\u00ba piso de nuestro hospital para cobertura de salud con pacientes de Covid. Lo que pensamos que era lejano, ya lleg\u00f3. El personal sigue adelante, pero sin embargo, tambi\u00e9n se cansa, pues son padres de familia, hijos y hermanos de alguien que los espera en casa\u201d.<\/p>\n\n\n\n<p>El cuarto piso y el \u00e1rea de Urgencia Covid se encuentran con la m\u00e1xima ocupaci\u00f3n.<\/p>\n\n\n\n<p>Los trabajadores del sector salud exhortaron a los ciudadanos a ser conscientes y prevenir aglomeraciones, as\u00ed como acatar las medidas sanitarias correspondientes.<\/p>\n","protected":false},"excerpt":{"rendered":"<p>Jes\u00fas Utrilla | NV Noticias Personal del Hospital General de la Zona No. 71 en Veracruz, inform\u00f3 a trav\u00e9s de las redes sociales que ante el alto n\u00famero de contagios de coronavirus habilitar\u00e1n un piso m\u00e1s para poder atender a los pacientes que lo requieran. A trav\u00e9s de la cuenta de Facebook \u201cTrabajadores del HGZ [&hellip;]<\/p>\n","protected":false},"author":7,"featured_media":22198,"comment_status":"open","ping_status":"open","sticky":false,"template":"","format":"standard","meta":{"_monsterinsights_skip_tracking":false,"_monsterinsights_sitenote_active":false,"_monsterinsights_sitenote_note":"","_monsterinsights_sitenote_category":0,"footnotes":""},"categories":[154],"tags":[5755,365,162,180],"class_list":["post-22197","post","type-post","status-publish","format-standard","has-post-thumbnail","hentry","category-veracruz","tag-hgz-71","tag-imss","tag-portada","tag-veracruz","wp-image-borders"],"amp_enabled":true,"_links":{"self":[{"href":"https:\/\/nvnoticias.mx\/index.php\/wp-json\/wp\/v2\/posts\/22197","targetHints":{"allow":["GET"]}}],"collection":[{"href":"https:\/\/nvnoticias.mx\/index.php\/wp-json\/wp\/v2\/posts"}],"about":[{"href":"https:\/\/nvnoticias.mx\/index.php\/wp-json\/wp\/v2\/types\/post"}],"author":[{"embeddable":true,"href":"https:\/\/nvnoticias.mx\/index.php\/wp-json\/wp\/v2\/users\/7"}],"replies":[{"embeddable":true,"href":"https:\/\/nvnoticias.mx\/index.php\/wp-json\/wp\/v2\/comments?post=22197"}],"version-history":[{"count":1,"href":"https:\/\/nvnoticias.mx\/index.php\/wp-json\/wp\/v2\/posts\/22197\/revisions"}],"predecessor-version":[{"id":22199,"href":"https:\/\/nvnoticias.mx\/index.php\/wp-json\/wp\/v2\/posts\/22197\/revisions\/22199"}],"wp:featuredmedia":[{"embeddable":true,"href":"https:\/\/nvnoticias.mx\/index.php\/wp-json\/wp\/v2\/media\/22198"}],"wp:attachment":[{"href":"https:\/\/nvnoticias.mx\/index.php\/wp-json\/wp\/v2\/media?parent=22197"}],"wp:term":[{"taxonomy":"category","embeddable":true,"href":"https:\/\/nvnoticias.mx\/index.php\/wp-json\/wp\/v2\/categories?post=22197"},{"taxonomy":"post_tag","embeddable":true,"href":"https:\/\/nvnoticias.mx\/index.php\/wp-json\/wp\/v2\/tags?post=22197"}],"curies":[{"name":"wp","href":"https:\/\/api.w.org\/{rel}","templated":true}]}}