{"id":22194,"date":"2021-08-22T16:13:48","date_gmt":"2021-08-22T21:13:48","guid":{"rendered":"https:\/\/nvnoticias.mx\/?p=22194"},"modified":"2021-08-22T16:13:50","modified_gmt":"2021-08-22T21:13:50","slug":"necesario-crear-dos-estaciones-de-bomberos-mas-y-reubicar-la-de-la-zona-norte","status":"publish","type":"post","link":"https:\/\/nvnoticias.mx\/index.php\/2021\/08\/22\/necesario-crear-dos-estaciones-de-bomberos-mas-y-reubicar-la-de-la-zona-norte\/","title":{"rendered":"Necesario crear dos estaciones de bomberos m\u00e1s y reubicar la de la zona norte"},"content":{"rendered":"\n<p><strong>Jes\u00fas Utrilla | NV Noticias<\/strong><\/p>\n\n\n\n<p>Se necesitan por lo menos dos centrales de bomberos m\u00e1s en Veracruz para reducir los tiempos de respuesta inmediata, se\u00f1al\u00f3 Alfonso Garc\u00eda Cardona, director de Protecci\u00f3n Civil de Veracruz.<\/p>\n\n\n\n<p>Incluso se trabaja en un proyecto para la creaci\u00f3n de una nueva central y tambi\u00e9n en la reubicaci\u00f3n de la que actualmente se encuentra ubicada en la zona norte.<\/p>\n\n\n\n<blockquote class=\"wp-block-quote is-layout-flow wp-block-quote-is-layout-flow\"><p>\u201cEntonces ser\u00eda remover la que est\u00e1 en la base norte sobre Rafael Cuervo, que se encuentra en el DIF matamoros y crear otra m\u00e1s en la zona poniente de la ciudad\u201d.<\/p><\/blockquote>\n\n\n\n<p>Puntualiz\u00f3 que ante el crecimiento de la ciudad, sobre todo la zona norte se necesita por lo menos dos centrales de bomberos m\u00e1s.<\/p>\n\n\n\n<p>Finalmente informo que en el marco de la celebraci\u00f3n del D\u00eda del Bombero, recibieron 30 equipos t\u00e1cticos consistentes en casco, chaquet\u00f3n, pantal\u00f3n, botas y una protecci\u00f3n para la cara.<\/p>\n","protected":false},"excerpt":{"rendered":"<p>Jes\u00fas Utrilla | NV Noticias Se necesitan por lo menos dos centrales de bomberos m\u00e1s en Veracruz para reducir los tiempos de respuesta inmediata, se\u00f1al\u00f3 Alfonso Garc\u00eda Cardona, director de Protecci\u00f3n Civil de Veracruz. Incluso se trabaja en un proyecto para la creaci\u00f3n de una nueva central y tambi\u00e9n en la reubicaci\u00f3n de la que [&hellip;]<\/p>\n","protected":false},"author":7,"featured_media":22195,"comment_status":"open","ping_status":"open","sticky":false,"template":"","format":"standard","meta":{"_monsterinsights_skip_tracking":false,"_monsterinsights_sitenote_active":false,"_monsterinsights_sitenote_note":"","_monsterinsights_sitenote_category":0,"footnotes":""},"categories":[154],"tags":[2656,5754,180,4063],"class_list":["post-22194","post","type-post","status-publish","format-standard","has-post-thumbnail","hentry","category-veracruz","tag-bomberos","tag-estaciones","tag-veracruz","tag-zona-norte","wp-image-borders"],"amp_enabled":true,"_links":{"self":[{"href":"https:\/\/nvnoticias.mx\/index.php\/wp-json\/wp\/v2\/posts\/22194","targetHints":{"allow":["GET"]}}],"collection":[{"href":"https:\/\/nvnoticias.mx\/index.php\/wp-json\/wp\/v2\/posts"}],"about":[{"href":"https:\/\/nvnoticias.mx\/index.php\/wp-json\/wp\/v2\/types\/post"}],"author":[{"embeddable":true,"href":"https:\/\/nvnoticias.mx\/index.php\/wp-json\/wp\/v2\/users\/7"}],"replies":[{"embeddable":true,"href":"https:\/\/nvnoticias.mx\/index.php\/wp-json\/wp\/v2\/comments?post=22194"}],"version-history":[{"count":1,"href":"https:\/\/nvnoticias.mx\/index.php\/wp-json\/wp\/v2\/posts\/22194\/revisions"}],"predecessor-version":[{"id":22196,"href":"https:\/\/nvnoticias.mx\/index.php\/wp-json\/wp\/v2\/posts\/22194\/revisions\/22196"}],"wp:featuredmedia":[{"embeddable":true,"href":"https:\/\/nvnoticias.mx\/index.php\/wp-json\/wp\/v2\/media\/22195"}],"wp:attachment":[{"href":"https:\/\/nvnoticias.mx\/index.php\/wp-json\/wp\/v2\/media?parent=22194"}],"wp:term":[{"taxonomy":"category","embeddable":true,"href":"https:\/\/nvnoticias.mx\/index.php\/wp-json\/wp\/v2\/categories?post=22194"},{"taxonomy":"post_tag","embeddable":true,"href":"https:\/\/nvnoticias.mx\/index.php\/wp-json\/wp\/v2\/tags?post=22194"}],"curies":[{"name":"wp","href":"https:\/\/api.w.org\/{rel}","templated":true}]}}