{"id":22135,"date":"2021-08-21T09:48:56","date_gmt":"2021-08-21T14:48:56","guid":{"rendered":"https:\/\/nvnoticias.mx\/?p=22135"},"modified":"2021-08-21T09:48:57","modified_gmt":"2021-08-21T14:48:57","slug":"amlo-me-quiere-fregar-a-la-mala-anaya","status":"publish","type":"post","link":"https:\/\/nvnoticias.mx\/index.php\/2021\/08\/21\/amlo-me-quiere-fregar-a-la-mala-anaya\/","title":{"rendered":"AMLO me quiere fregar a la mala: Anaya"},"content":{"rendered":"\n<p>El excandidato presidencial del PAN,\u00a0Ricardo Anaya Cort\u00e9s\u00a0acus\u00f3 al presidente\u00a0Andr\u00e9s Manuel L\u00f3pez Obrador\u00a0de que\u00a0lo quiere meter a la c\u00e1rcel, y pronostic\u00f3 que le van a iniciar un proceso por las declaraciones que ha hecho en su contra el extitular de Pemex,\u00a0Emilio Lozoya.<\/p>\n\n\n\n<p>En un video, Anaya Cort\u00e9s dijo que no hay m\u00e1s argumentos que \u201cdos testigos balines\u201d en su contra.<\/p>\n\n\n\n<blockquote class=\"wp-block-quote is-layout-flow wp-block-quote-is-layout-flow\"><p>\u201cL\u00f3pez Obrador me quiere fregar a la mala. Le estorbo para sus\u00a0planes de sucesi\u00f3n en el 2024. No quiere que yo sea candidato. Y me quiere encarcelar porque no le gusta lo que digo\u201d, dijo Anaya Cort\u00e9s.<\/p><\/blockquote>\n\n\n\n<figure class=\"wp-block-embed is-type-rich is-provider-twitter wp-block-embed-twitter\"><div class=\"wp-block-embed__wrapper\">\n<blockquote class=\"twitter-tweet\" data-width=\"550\" data-dnt=\"true\"><p lang=\"es\" dir=\"ltr\">Con la novedad de que AMLO me quiere meter a la c\u00e1rcel, con mentiras y dos testigos balines. La raz\u00f3n de fondo: no quiere que sea candidato en 2024, y le molestan mucho mis cr\u00edticas. Hazle como quieras, Andr\u00e9s Manuel, no me voy a detener. Yo sigo en la lucha por un M\u00e9xico mejor. <a href=\"https:\/\/t.co\/QBSOYxnXOZ\">pic.twitter.com\/QBSOYxnXOZ<\/a><\/p>&mdash; RicardoAnayaC (@RicardoAnayaC) <a href=\"https:\/\/twitter.com\/RicardoAnayaC\/status\/1429074113998598155?ref_src=twsrc%5Etfw\">August 21, 2021<\/a><\/blockquote><script async src=\"https:\/\/platform.twitter.com\/widgets.js\" charset=\"utf-8\"><\/script>\n<\/div><\/figure>\n\n\n\n<p>El panista queretano acus\u00f3 una persecuci\u00f3n pol\u00edtica en su contra y dijo:\u00a0\u201cL\u00f3pez Obrador me quiere fregar a la mala. Le estorbo para sus planes de sucesi\u00f3n en el 2024. No quiere que yo sea candidato. Y me quiere encarcelar porque no le gusta lo que digo\u201d, esto refiri\u00e9ndose a los videos que ha publicado cada semana, haciendo fuertes cr\u00edticas al gobierno de L\u00f3pez Obrador.<\/p>\n\n\n\n<blockquote class=\"wp-block-quote is-layout-flow wp-block-quote-is-layout-flow\"><p>\u201cEst\u00e1 enojado por los videos que comparto cada semana que, por cierto, ya rebasaron los 70 millones de reproducciones\u201d.<\/p><\/blockquote>\n\n\n\n<p>Anaya recalca que lo que \u201cm\u00e1s le molesta\u201d a L\u00f3pez Obrador es que haya denunciado que \u201csu principal promesa, la de acabar con la corrupci\u00f3n, result\u00f3 un fraude, una verdadera vacilada\u201d, a la vista de los conocidos casos de Bartlett, Irma Er\u00e9ndira Sandoval y especialmente las entregas de dinero a los hermanos del presidente, P\u00edo y Mart\u00edn L\u00f3pez Obrador.<\/p>\n\n\n\n<blockquote class=\"wp-block-quote is-layout-flow wp-block-quote-is-layout-flow\"><p>\u201cA m\u00ed me quiere fregar por los dichos de un delincuente que es un corrupto y un mentiroso, y a sus hermanos no les hace nada, cuando ellos s\u00ed recibieron dinero\u201d, acus\u00f3 Anaya.\u00a0<\/p><\/blockquote>\n\n\n\n<p>Fuente: El Universal<\/p>\n","protected":false},"excerpt":{"rendered":"<p>El excandidato presidencial del PAN,\u00a0Ricardo Anaya Cort\u00e9s\u00a0acus\u00f3 al presidente\u00a0Andr\u00e9s Manuel L\u00f3pez Obrador\u00a0de que\u00a0lo quiere meter a la c\u00e1rcel, y pronostic\u00f3 que le van a iniciar un proceso por las declaraciones que ha hecho en su contra el extitular de Pemex,\u00a0Emilio Lozoya. En un video, Anaya Cort\u00e9s dijo que no hay m\u00e1s argumentos que \u201cdos testigos [&hellip;]<\/p>\n","protected":false},"author":6,"featured_media":22137,"comment_status":"open","ping_status":"open","sticky":false,"template":"","format":"standard","meta":{"_monsterinsights_skip_tracking":false,"_monsterinsights_sitenote_active":false,"_monsterinsights_sitenote_note":"","_monsterinsights_sitenote_category":0,"footnotes":""},"categories":[158],"tags":[188,509],"class_list":["post-22135","post","type-post","status-publish","format-standard","has-post-thumbnail","hentry","category-politica","tag-amlo","tag-ricardo-anaya","wp-image-borders"],"amp_enabled":true,"_links":{"self":[{"href":"https:\/\/nvnoticias.mx\/index.php\/wp-json\/wp\/v2\/posts\/22135","targetHints":{"allow":["GET"]}}],"collection":[{"href":"https:\/\/nvnoticias.mx\/index.php\/wp-json\/wp\/v2\/posts"}],"about":[{"href":"https:\/\/nvnoticias.mx\/index.php\/wp-json\/wp\/v2\/types\/post"}],"author":[{"embeddable":true,"href":"https:\/\/nvnoticias.mx\/index.php\/wp-json\/wp\/v2\/users\/6"}],"replies":[{"embeddable":true,"href":"https:\/\/nvnoticias.mx\/index.php\/wp-json\/wp\/v2\/comments?post=22135"}],"version-history":[{"count":2,"href":"https:\/\/nvnoticias.mx\/index.php\/wp-json\/wp\/v2\/posts\/22135\/revisions"}],"predecessor-version":[{"id":22138,"href":"https:\/\/nvnoticias.mx\/index.php\/wp-json\/wp\/v2\/posts\/22135\/revisions\/22138"}],"wp:featuredmedia":[{"embeddable":true,"href":"https:\/\/nvnoticias.mx\/index.php\/wp-json\/wp\/v2\/media\/22137"}],"wp:attachment":[{"href":"https:\/\/nvnoticias.mx\/index.php\/wp-json\/wp\/v2\/media?parent=22135"}],"wp:term":[{"taxonomy":"category","embeddable":true,"href":"https:\/\/nvnoticias.mx\/index.php\/wp-json\/wp\/v2\/categories?post=22135"},{"taxonomy":"post_tag","embeddable":true,"href":"https:\/\/nvnoticias.mx\/index.php\/wp-json\/wp\/v2\/tags?post=22135"}],"curies":[{"name":"wp","href":"https:\/\/api.w.org\/{rel}","templated":true}]}}